{"id":83412,"date":"2023-12-29T19:58:19","date_gmt":"2023-12-29T19:58:19","guid":{"rendered":"https:\/\/jorgezanoni.com.br\/2019\/?p=83412"},"modified":"2023-12-29T19:58:19","modified_gmt":"2023-12-29T19:58:19","slug":"a-metafora-da-gaveta-desarrumada-reflexoes-psicologicas-para-o-fim-de-ano-por-cidinha-pascoaloto","status":"publish","type":"post","link":"https:\/\/jorgezanoni.com.br\/2019\/a-metafora-da-gaveta-desarrumada-reflexoes-psicologicas-para-o-fim-de-ano-por-cidinha-pascoaloto\/","title":{"rendered":"A Met\u00e1fora da Gaveta Desarrumada: Reflex\u00f5es Psicol\u00f3gicas para o Fim de Ano  (por Cidinha Pascoaloto)"},"content":{"rendered":"<p style=\"text-align: justify;\">O final de ano \u00e9 um per\u00edodo de reflex\u00e3o, avalia\u00e7\u00e3o e planejamento para muitas pessoas. \u00c9 nesse momento que olhamos para passado, relembrando as experi\u00eancias vividas. Uma met\u00e1fora que pode ilustrar essa jornada pessoal \u00e9 a da &#8220;gaveta desarrumada&#8221;, que, quando explorada do ponto de vista psicol\u00f3gico, revela insights valiosos sobre a nossa mente e nossos processos internos.<\/p>\n<p style=\"text-align: justify;\">Imagine a sua mente como uma gaveta.<\/p>\n<p style=\"text-align: justify;\">Ao longo do ano, voc\u00ea deposita nela uma s\u00e9rie de acontecimentos, sentimentos, desafios e conquistas. Alguns momentos s\u00e3o organizados cuidadosamente, enquanto outros s\u00e3o jogados de qualquer maneira, formando desorganiza\u00e7\u00e3o na nossa vida. Ao se deparar com essa gaveta desarrumada, muitos de n\u00f3s sentimos a necessidade de arrum\u00e1-la no final do ano.<\/p>\n<p style=\"text-align: justify;\">A desordem na gaveta pode representar a confus\u00e3o emocional que enfrentamos diariamente. Os acontecimentos positivos s\u00e3o misturados com os desafios, e as emo\u00e7\u00f5es alegres podem estar lado a lado com as tristezas. Assim como na realidade, a desorganiza\u00e7\u00e3o mental pode tornar dif\u00edcil encontrar o que precisamos, levando-nos a sentir uma sensa\u00e7\u00e3o de sobrecarga.<\/p>\n<p style=\"text-align: justify;\">\u00a0Ao revisitar os eventos do ano, selecionamos cuidadosamente o que manter e o que descartar, aprendendo com cada situa\u00e7\u00e3o e transformando a bagun\u00e7a inicial em uma ordem mais significativa.<\/p>\n<p style=\"text-align: justify;\">A psicologia destaca a import\u00e2ncia da autorreflex\u00e3o. Ao analisar os conte\u00fados da gaveta, confrontamos nossos medos, celebramos nossas vit\u00f3rias e reconhecemos as \u00e1reas que precisam de mais aten\u00e7\u00e3o. Este processo de autoexame \u00e9 fundamental para o crescimento pessoal, permitindo-nos fazer escolhas mais conscientes no pr\u00f3ximo ano.<\/p>\n<p style=\"text-align: justify;\">\u00c0 medida que organizamos a gaveta, percebemos que novos eventos e emo\u00e7\u00f5es continuar\u00e3o a chegar. O ciclo de desordem e ordem \u00e9 uma constante na jornada humana.<\/p>\n<p style=\"text-align: justify;\">Arrume um tempo para analisar suas experi\u00eancias, aprender com elas e preparar-se para o pr\u00f3ximo cap\u00edtulo. Feliz Ano Novo!<\/p>\n<p><img loading=\"lazy\" decoding=\"async\" class=\"alignnone size-full wp-image-83414\" src=\"https:\/\/jorgezanoni.com.br\/2019\/wp-content\/uploads\/2023\/12\/Cidinha-Pascoaloto-3.jpg\" alt=\"\" width=\"500\" height=\"755\" srcset=\"https:\/\/jorgezanoni.com.br\/2019\/wp-content\/uploads\/2023\/12\/Cidinha-Pascoaloto-3.jpg 500w, https:\/\/jorgezanoni.com.br\/2019\/wp-content\/uploads\/2023\/12\/Cidinha-Pascoaloto-3-199x300.jpg 199w, https:\/\/jorgezanoni.com.br\/2019\/wp-content\/uploads\/2023\/12\/Cidinha-Pascoaloto-3-278x420.jpg 278w\" sizes=\"auto, (max-width: 500px) 100vw, 500px\" \/><\/p>\n<p style=\"text-align: justify;\">Cidinha Pascoaloto-Psic\u00f3loga, com foco no luto CRP 06\/158174. Presencial e online, contato: (18) 99725-6418<\/p>\n<p style=\"text-align: justify;\">\n<p style=\"text-align: justify;\">\n<p>&nbsp;<\/p>\n","protected":false},"excerpt":{"rendered":"<p>O final de ano \u00e9 um per\u00edodo de reflex\u00e3o, avalia\u00e7\u00e3o e planejamento para muitas pessoas. \u00c9 nesse momento que olhamos para passado, relembrando as experi\u00eancias vividas. Uma met\u00e1fora que pode ilustrar essa jornada pessoal \u00e9 a da &#8220;gaveta desarrumada&#8221;, que, quando explorada do ponto de vista psicol\u00f3gico, revela insights valiosos sobre a nossa mente e [&hellip;]<\/p>\n","protected":false},"author":1,"featured_media":83413,"comment_status":"closed","ping_status":"open","sticky":false,"template":"","format":"standard","meta":{"footnotes":""},"categories":[175],"tags":[],"class_list":["post-83412","post","type-post","status-publish","format-standard","has-post-thumbnail","hentry","category-artigos"],"_links":{"self":[{"href":"https:\/\/jorgezanoni.com.br\/2019\/wp-json\/wp\/v2\/posts\/83412","targetHints":{"allow":["GET"]}}],"collection":[{"href":"https:\/\/jorgezanoni.com.br\/2019\/wp-json\/wp\/v2\/posts"}],"about":[{"href":"https:\/\/jorgezanoni.com.br\/2019\/wp-json\/wp\/v2\/types\/post"}],"author":[{"embeddable":true,"href":"https:\/\/jorgezanoni.com.br\/2019\/wp-json\/wp\/v2\/users\/1"}],"replies":[{"embeddable":true,"href":"https:\/\/jorgezanoni.com.br\/2019\/wp-json\/wp\/v2\/comments?post=83412"}],"version-history":[{"count":1,"href":"https:\/\/jorgezanoni.com.br\/2019\/wp-json\/wp\/v2\/posts\/83412\/revisions"}],"predecessor-version":[{"id":83415,"href":"https:\/\/jorgezanoni.com.br\/2019\/wp-json\/wp\/v2\/posts\/83412\/revisions\/83415"}],"wp:featuredmedia":[{"embeddable":true,"href":"https:\/\/jorgezanoni.com.br\/2019\/wp-json\/wp\/v2\/media\/83413"}],"wp:attachment":[{"href":"https:\/\/jorgezanoni.com.br\/2019\/wp-json\/wp\/v2\/media?parent=83412"}],"wp:term":[{"taxonomy":"category","embeddable":true,"href":"https:\/\/jorgezanoni.com.br\/2019\/wp-json\/wp\/v2\/categories?post=83412"},{"taxonomy":"post_tag","embeddable":true,"href":"https:\/\/jorgezanoni.com.br\/2019\/wp-json\/wp\/v2\/tags?post=83412"}],"curies":[{"name":"wp","href":"https:\/\/api.w.org\/{rel}","templated":true}]}}