{"id":8340,"date":"2019-10-09T17:04:57","date_gmt":"2019-10-09T17:04:57","guid":{"rendered":"https:\/\/jorgezanoni.com.br\/2019\/?p=8340"},"modified":"2019-10-09T17:04:57","modified_gmt":"2019-10-09T17:04:57","slug":"abertura-dos-trabalhos-do-censo-2020-sera-realizada-na-assembleia-legislativa-sp","status":"publish","type":"post","link":"https:\/\/jorgezanoni.com.br\/2019\/abertura-dos-trabalhos-do-censo-2020-sera-realizada-na-assembleia-legislativa-sp\/","title":{"rendered":"Abertura dos trabalhos do Censo 2020 ser\u00e1 realizada na Assembleia Legislativa SP"},"content":{"rendered":"<p style=\"text-align: justify;\"><strong>Sess\u00e3o Solene, presidida pelo deputado Mauro Bragato, visa debater parcerias para a realiza\u00e7\u00e3o dos trabalhos do censo demogr\u00e1fico.<\/strong><\/p>\n<p style=\"text-align: justify;\">Ser\u00e1 realizada na pr\u00f3xima sexta-feira, 11\/10, \u00e0s 10h, na Assembleia Legislativa de S\u00e3o Paulo, Sess\u00e3o Solene que marca a abertura dos trabalhos do IBGE (Instituto Brasileiro de Geografia e Estat\u00edstica) para o censo 2020 no Estado de S\u00e3o Paulo. A proposta \u00e9 do deputado Mauro Bragato, que acompanhar\u00e1 a reuni\u00e3o de planejamento e acompanhamento do censo demogr\u00e1fico.<\/p>\n<p style=\"text-align: justify;\">Essa reuni\u00e3o tem por objetivo dar transpar\u00eancia \u00e0s a\u00e7\u00f5es censit\u00e1rias do IBGE, promover o conhecimento da metodologia e das a\u00e7\u00f5es em campo do Censo 2020, e divulgar e engajar a popula\u00e7\u00e3o e as autoridades nesse importante levantamento de dados.<\/p>\n<p style=\"text-align: justify;\">De acordo com o parlamentar, essas reuni\u00f5es s\u00e3o importantes para o sucesso dos Censos. &#8220;S\u00e3o debates primordiais para a promover parcerias e o acompanhamento dos trabalhos por parte da sociedade, contribuindo para garantir a qualidade das informa\u00e7\u00f5es levantadas&#8221;, disse.<\/p>\n<p style=\"text-align: justify;\">A coleta em campo do Censo Demogr\u00e1fico 2020 ser\u00e1 realizada entre os meses de agosto e outubro de 2020, quando ser\u00e3o visitados todos os domic\u00edlios brasileiros, e solicitadas informa\u00e7\u00f5es atualizadas e precisas sobre o n\u00famero populacional, distribui\u00e7\u00e3o no territ\u00f3rio nacional, n\u00edvel de escolaridade, de emprego e renda, condi\u00e7\u00e3o social, entre outros temas. &#8220;Essas informa\u00e7\u00f5es s\u00e3o fundamentais para o desenvolvimento e implementa\u00e7\u00e3o de pol\u00edticas p\u00fablicas e para a realiza\u00e7\u00e3o de investimentos, tanto do governo quanto da iniciativa privada&#8221;, destacou Bragato.<\/p>\n<p style=\"text-align: justify;\">Servi\u00e7o<\/p>\n<p style=\"text-align: justify;\">Sess\u00e3o Solene de abertura dos trabalhos do IBGE para o Censo 2020 no Estado de S\u00e3o Paulo<\/p>\n<p style=\"text-align: justify;\">Fonte: Assessoria Deputado Mauro Bragato<\/p>\n<p>Imagem Ilustrativa<\/p>\n","protected":false},"excerpt":{"rendered":"<p>Sess\u00e3o Solene, presidida pelo deputado Mauro Bragato, visa debater parcerias para a realiza\u00e7\u00e3o dos trabalhos do censo demogr\u00e1fico. Ser\u00e1 realizada na pr\u00f3xima sexta-feira, 11\/10, \u00e0s 10h, na Assembleia Legislativa de S\u00e3o Paulo, Sess\u00e3o Solene que marca a abertura dos trabalhos do IBGE (Instituto Brasileiro de Geografia e Estat\u00edstica) para o censo 2020 no Estado de [&hellip;]<\/p>\n","protected":false},"author":1,"featured_media":8341,"comment_status":"closed","ping_status":"open","sticky":false,"template":"","format":"standard","meta":{"footnotes":""},"categories":[116],"tags":[],"class_list":["post-8340","post","type-post","status-publish","format-standard","has-post-thumbnail","hentry","category-politicaeeconomia"],"_links":{"self":[{"href":"https:\/\/jorgezanoni.com.br\/2019\/wp-json\/wp\/v2\/posts\/8340","targetHints":{"allow":["GET"]}}],"collection":[{"href":"https:\/\/jorgezanoni.com.br\/2019\/wp-json\/wp\/v2\/posts"}],"about":[{"href":"https:\/\/jorgezanoni.com.br\/2019\/wp-json\/wp\/v2\/types\/post"}],"author":[{"embeddable":true,"href":"https:\/\/jorgezanoni.com.br\/2019\/wp-json\/wp\/v2\/users\/1"}],"replies":[{"embeddable":true,"href":"https:\/\/jorgezanoni.com.br\/2019\/wp-json\/wp\/v2\/comments?post=8340"}],"version-history":[{"count":0,"href":"https:\/\/jorgezanoni.com.br\/2019\/wp-json\/wp\/v2\/posts\/8340\/revisions"}],"wp:featuredmedia":[{"embeddable":true,"href":"https:\/\/jorgezanoni.com.br\/2019\/wp-json\/wp\/v2\/media\/8341"}],"wp:attachment":[{"href":"https:\/\/jorgezanoni.com.br\/2019\/wp-json\/wp\/v2\/media?parent=8340"}],"wp:term":[{"taxonomy":"category","embeddable":true,"href":"https:\/\/jorgezanoni.com.br\/2019\/wp-json\/wp\/v2\/categories?post=8340"},{"taxonomy":"post_tag","embeddable":true,"href":"https:\/\/jorgezanoni.com.br\/2019\/wp-json\/wp\/v2\/tags?post=8340"}],"curies":[{"name":"wp","href":"https:\/\/api.w.org\/{rel}","templated":true}]}}