{"id":83389,"date":"2023-12-28T11:40:37","date_gmt":"2023-12-28T11:40:37","guid":{"rendered":"https:\/\/jorgezanoni.com.br\/2019\/?p=83389"},"modified":"2023-12-28T11:40:37","modified_gmt":"2023-12-28T11:40:37","slug":"quando-eu-era-crianca-pequena-em-ourinhos-e-o-ano-bom-por-sergio-barbosa","status":"publish","type":"post","link":"https:\/\/jorgezanoni.com.br\/2019\/quando-eu-era-crianca-pequena-em-ourinhos-e-o-ano-bom-por-sergio-barbosa\/","title":{"rendered":"\u201cQuando eu era crian\u00e7a pequena\u201d em OURINHOS e o \u201cAno bom\u201d&#8230; (por S\u00e9rgio Barbosa)"},"content":{"rendered":"<p style=\"text-align: justify;\"><strong>\u201cQuando eu era crian\u00e7a pequena\u201d em OURINHOS e o \u201cAno bom\u201d&#8230;<\/strong><\/p>\n<p style=\"text-align: justify;\"><strong><em>\u201cAno novo, vida velha. A vida \u00e9 mais do que calend\u00e1rios, fusos ou \u00f3rbita gravitacional.\u201d (<\/em><\/strong><a href=\"https:\/\/www.pensador.com\/autor\/carlos_heitor_cony\/\"><strong><em>Carlos Heitor Cony<\/em><\/strong><\/a><strong><em>)<\/em><\/strong><\/p>\n<p style=\"text-align: justify;\"><strong>Aos meus TIOS\/TIAS, V\u00d4 e V\u00d3, dedico!\u00a0 <\/strong><\/p>\n<p style=\"text-align: justify;\"><strong>By seb@r<\/strong><\/p>\n<p style=\"text-align: justify;\">Final de ano \u00e9 quase sempre a mesma coisa de sempre, ou seja, dependendo de cada caso, fica-se neste tempo do tempo ou como algumas pessoas, neste caso em especial, encontra-se o meu lado, prefere voltar ao outro tempo do tempo&#8230;<\/p>\n<p style=\"text-align: justify;\">Ent\u00e3o, nestes ocasos de um talvez e ponto quase final, at\u00e9 onde estou lembrando aqui ou ali, o grande dia era sempre o PRIMEIRO DIA DO ANO, ainda, com aquele ALMO\u00c7O FAMILIAR com a tradi\u00e7\u00e3o de sempre&#8230;<\/p>\n<p style=\"text-align: justify;\">No caso da nossa FAM\u00cdLIA BARBOSA, ou seja, naquele tempo, todos eram do mesmo lado e assim por diante, ainda, antes da reuni\u00e3o familiar neste primeiro dia do ano, a MULECADA, entre os quais, eu e o meu irm\u00e3o, logo cedo, j\u00e1 est\u00e1vamos do lado de fora em busca do esperado ANO BOM&#8230;<\/p>\n<p style=\"text-align: justify;\">Isso \u00e9, era sair para a RUA 21 DE ABRIL na Vila Margarida, se bem que o roteiro era primeiro, VISITAR OS PARENTES nas proximidades, a saber: TIA NAIM, pois, o TIO NEG\u00d4 era um tanto dif\u00edcil; depois, TIA LURDES\/TIO N\u00c9RSINHO, TIA J\u00daLIA\/V\u00d4 ANT\u00d4NIO, ainda, TIA NEUZA E TIO VINTE&#8230;<\/p>\n<p style=\"text-align: justify;\">Se bem que, acredito que naquele tempo do outro tempo, o meu PAI, tamb\u00e9m, n\u00e3o escapava da sauda\u00e7\u00e3o tradicional, a saber: FELIZ ANO BOM!<\/p>\n<p style=\"text-align: justify;\">Depois, a melhor escolha era descer at\u00e9 o bairro da BARRA FUNDA para os cumprimentos do ANO BOM com a fam\u00edlia por parte da minha m\u00e3e, DONA TATINHA\/GENY, nestes desencontros, a primeira parada era sempre na TIA DALILA\/D\u00c9LIO e V\u00d4 MARIA, depois, TIA ZAB\u00c9\/TIO TITO&#8230;<\/p>\n<p style=\"text-align: justify;\">N\u00e3o estou lembrando de idas e vindas na TIA VANDA\/TIO LIN, pois, os mesmos moravam pr\u00f3ximo do cemit\u00e9rio da cidade, ou seja, um tanto quanto longe e assim por diante&#8230;<\/p>\n<p style=\"text-align: justify;\">No meu caso, preferia quase sempre desejar FELIZ ANO BOM apenas para os PARENTES, portanto, n\u00e3o era muito chegado de sair pelas ruas cumprimentando esta ou aquela pessoa, se bem que os VIZINHOS, tamb\u00e9m, estavam na LISTA, isso \u00e9, depois dos PARENTES&#8230;<\/p>\n<p style=\"text-align: justify;\">Tal costume permanece at\u00e9 os dias de hoje l\u00e1 pelos lados de OURINHOS, assim, lembro que nas vezes que estava na casa da minha irm\u00e3\/cunhado, de vez em sempre, uma ou outras crian\u00e7as apareciam tocando a \u201ccampainha\u201d e desejando um FELIZ ANO BOM para todos e todas&#8230;<\/p>\n<p style=\"text-align: justify;\">Aqui, ou seja, ADAMANTINA, onde estou desde 1.999, talvez uma ou outra vez apareceram com tal sauda\u00e7\u00e3o, entendo que neste NOVO TEMPO NOVO para um ANO NOVO ANO, tal TRADI\u00c7\u00c3O esteja se perdendo com o passar dos anos e anos&#8230;<\/p>\n<p style=\"text-align: justify;\">No mais em meio ao tudo de menos, aproveito para DESEJAR para quem estiver lendo este texto, um FELIZ ANO BOM&#8230;<\/p>\n<p>Ah! N\u00e3o precisa dar a colabora\u00e7\u00e3o tradicional pelo cumprimento&#8230;<\/p>\n<p><strong>e-mail: <\/strong><a href=\"mailto:barbosa.sabar@gmail.com\"><strong>barbosa.sabar@gmail.com<\/strong><\/a><\/p>\n<p>&nbsp;<\/p>\n<p>&nbsp;<\/p>\n<p>&nbsp;<\/p>\n","protected":false},"excerpt":{"rendered":"<p>\u201cQuando eu era crian\u00e7a pequena\u201d em OURINHOS e o \u201cAno bom\u201d&#8230; \u201cAno novo, vida velha. A vida \u00e9 mais do que calend\u00e1rios, fusos ou \u00f3rbita gravitacional.\u201d (Carlos Heitor Cony) Aos meus TIOS\/TIAS, V\u00d4 e V\u00d3, dedico!\u00a0 By seb@r Final de ano \u00e9 quase sempre a mesma coisa de sempre, ou seja, dependendo de cada caso, [&hellip;]<\/p>\n","protected":false},"author":1,"featured_media":83390,"comment_status":"closed","ping_status":"open","sticky":false,"template":"","format":"standard","meta":{"footnotes":""},"categories":[175],"tags":[],"class_list":["post-83389","post","type-post","status-publish","format-standard","has-post-thumbnail","hentry","category-artigos"],"_links":{"self":[{"href":"https:\/\/jorgezanoni.com.br\/2019\/wp-json\/wp\/v2\/posts\/83389","targetHints":{"allow":["GET"]}}],"collection":[{"href":"https:\/\/jorgezanoni.com.br\/2019\/wp-json\/wp\/v2\/posts"}],"about":[{"href":"https:\/\/jorgezanoni.com.br\/2019\/wp-json\/wp\/v2\/types\/post"}],"author":[{"embeddable":true,"href":"https:\/\/jorgezanoni.com.br\/2019\/wp-json\/wp\/v2\/users\/1"}],"replies":[{"embeddable":true,"href":"https:\/\/jorgezanoni.com.br\/2019\/wp-json\/wp\/v2\/comments?post=83389"}],"version-history":[{"count":1,"href":"https:\/\/jorgezanoni.com.br\/2019\/wp-json\/wp\/v2\/posts\/83389\/revisions"}],"predecessor-version":[{"id":83391,"href":"https:\/\/jorgezanoni.com.br\/2019\/wp-json\/wp\/v2\/posts\/83389\/revisions\/83391"}],"wp:featuredmedia":[{"embeddable":true,"href":"https:\/\/jorgezanoni.com.br\/2019\/wp-json\/wp\/v2\/media\/83390"}],"wp:attachment":[{"href":"https:\/\/jorgezanoni.com.br\/2019\/wp-json\/wp\/v2\/media?parent=83389"}],"wp:term":[{"taxonomy":"category","embeddable":true,"href":"https:\/\/jorgezanoni.com.br\/2019\/wp-json\/wp\/v2\/categories?post=83389"},{"taxonomy":"post_tag","embeddable":true,"href":"https:\/\/jorgezanoni.com.br\/2019\/wp-json\/wp\/v2\/tags?post=83389"}],"curies":[{"name":"wp","href":"https:\/\/api.w.org\/{rel}","templated":true}]}}