{"id":83314,"date":"2023-12-23T23:29:29","date_gmt":"2023-12-23T23:29:29","guid":{"rendered":"https:\/\/jorgezanoni.com.br\/2019\/?p=83314"},"modified":"2023-12-23T23:29:29","modified_gmt":"2023-12-23T23:29:29","slug":"confira-como-ira-ficar-o-funcionamento-do-estacionamento-rotativo-no-dia-26-12","status":"publish","type":"post","link":"https:\/\/jorgezanoni.com.br\/2019\/confira-como-ira-ficar-o-funcionamento-do-estacionamento-rotativo-no-dia-26-12\/","title":{"rendered":"Confira como ir\u00e1 ficar o funcionamento do estacionamento rotativo no dia, 26\/12"},"content":{"rendered":"<p>No Natal, 25\/12, n\u00e3o haver\u00e1 fiscaliza\u00e7\u00e3o.<\/p>\n<p>no dia 26\/12 ser\u00e1 cobrado das 12h \u00e0s 18h, hor\u00e1rio de funcionamento do com\u00e9rcio<\/p>\n<p>No dia 27\/12, o funcionamento ser\u00e1 normalmente, das 9h \u00e0s 18h!<\/p>\n<p>Feliz Natal a todos! S\u00e3o os votos da equipe da dpark zona azul de Dracena! \ud83c\udf85\ud83c\udffb\ud83c\udf81\ud83c\udf84<\/p>\n<p>#dparkzonaazul #estacionamento #vagarotativa #tr\u00e2nsito #natal<\/p>\n","protected":false},"excerpt":{"rendered":"<p>No Natal, 25\/12, n\u00e3o haver\u00e1 fiscaliza\u00e7\u00e3o. no dia 26\/12 ser\u00e1 cobrado das 12h \u00e0s 18h, hor\u00e1rio de funcionamento do com\u00e9rcio No dia 27\/12, o funcionamento ser\u00e1 normalmente, das 9h \u00e0s 18h! Feliz Natal a todos! S\u00e3o os votos da equipe da dpark zona azul de Dracena! \ud83c\udf85\ud83c\udffb\ud83c\udf81\ud83c\udf84 #dparkzonaazul #estacionamento #vagarotativa #tr\u00e2nsito #natal<\/p>\n","protected":false},"author":1,"featured_media":83315,"comment_status":"closed","ping_status":"open","sticky":false,"template":"","format":"standard","meta":{"footnotes":""},"categories":[180,110],"tags":[],"class_list":["post-83314","post","type-post","status-publish","format-standard","has-post-thumbnail","hentry","category-estradastransitoveiculos","category-noticiasdestaque"],"_links":{"self":[{"href":"https:\/\/jorgezanoni.com.br\/2019\/wp-json\/wp\/v2\/posts\/83314","targetHints":{"allow":["GET"]}}],"collection":[{"href":"https:\/\/jorgezanoni.com.br\/2019\/wp-json\/wp\/v2\/posts"}],"about":[{"href":"https:\/\/jorgezanoni.com.br\/2019\/wp-json\/wp\/v2\/types\/post"}],"author":[{"embeddable":true,"href":"https:\/\/jorgezanoni.com.br\/2019\/wp-json\/wp\/v2\/users\/1"}],"replies":[{"embeddable":true,"href":"https:\/\/jorgezanoni.com.br\/2019\/wp-json\/wp\/v2\/comments?post=83314"}],"version-history":[{"count":1,"href":"https:\/\/jorgezanoni.com.br\/2019\/wp-json\/wp\/v2\/posts\/83314\/revisions"}],"predecessor-version":[{"id":83316,"href":"https:\/\/jorgezanoni.com.br\/2019\/wp-json\/wp\/v2\/posts\/83314\/revisions\/83316"}],"wp:featuredmedia":[{"embeddable":true,"href":"https:\/\/jorgezanoni.com.br\/2019\/wp-json\/wp\/v2\/media\/83315"}],"wp:attachment":[{"href":"https:\/\/jorgezanoni.com.br\/2019\/wp-json\/wp\/v2\/media?parent=83314"}],"wp:term":[{"taxonomy":"category","embeddable":true,"href":"https:\/\/jorgezanoni.com.br\/2019\/wp-json\/wp\/v2\/categories?post=83314"},{"taxonomy":"post_tag","embeddable":true,"href":"https:\/\/jorgezanoni.com.br\/2019\/wp-json\/wp\/v2\/tags?post=83314"}],"curies":[{"name":"wp","href":"https:\/\/api.w.org\/{rel}","templated":true}]}}