{"id":8327,"date":"2019-10-09T16:15:22","date_gmt":"2019-10-09T16:15:22","guid":{"rendered":"https:\/\/jorgezanoni.com.br\/2019\/?p=8327"},"modified":"2019-10-09T17:01:56","modified_gmt":"2019-10-09T17:01:56","slug":"pais-reclamam-da-maneira-como-alguns-motoristas-estacionam-em-frente-escola-nos-horarios-de-pico","status":"publish","type":"post","link":"https:\/\/jorgezanoni.com.br\/2019\/pais-reclamam-da-maneira-como-alguns-motoristas-estacionam-em-frente-escola-nos-horarios-de-pico\/","title":{"rendered":"Pais reclamam da maneira como alguns motoristas estacionam em frente Escola nos hor\u00e1rios de pico"},"content":{"rendered":"<p style=\"text-align: justify;\">Pais que j\u00e1 reclamaram, est\u00e3o novamente enviando imagem para a reda\u00e7\u00e3o do Site JZ pedindo provid\u00eancias e fiscaliza\u00e7\u00e3o para alguns motoristas &#8220;aproveitadores&#8221; que estacionam em local proibido, atrapalhando os demais.<\/p>\n<p style=\"text-align: justify;\">As faixas de Vans e \u00d4nibus n\u00e3o tem sido respeitadas e muito menos o local especialmente destinado a cadeirantes. Um pai de cadeirante disse que raramente o local est\u00e1 desocupado.<\/p>\n<p style=\"text-align: justify;\">O fato est\u00e1 sendo registrado na rua Vendramim em frente a Escola Jo\u00e3o Vendramini. Ser\u00e1 que \u00e9 t\u00e3o dif\u00edcil cada um fazer sua parte, para colaborar com o bem de todos? Que se fa\u00e7a uma fiscaliza\u00e7\u00e3o e autue esses maus motoristas.<\/p>\n<p style=\"text-align: justify;\">Jorge Zanoni<\/p>\n<p>Foto de Internauta<\/p>\n<p style=\"text-align: justify;\">\n","protected":false},"excerpt":{"rendered":"<p>Pais que j\u00e1 reclamaram, est\u00e3o novamente enviando imagem para a reda\u00e7\u00e3o do Site JZ pedindo provid\u00eancias e fiscaliza\u00e7\u00e3o para alguns motoristas &#8220;aproveitadores&#8221; que estacionam em local proibido, atrapalhando os demais. As faixas de Vans e \u00d4nibus n\u00e3o tem sido respeitadas e muito menos o local especialmente destinado a cadeirantes. Um pai de cadeirante disse que [&hellip;]<\/p>\n","protected":false},"author":1,"featured_media":8328,"comment_status":"closed","ping_status":"open","sticky":false,"template":"","format":"standard","meta":{"footnotes":""},"categories":[180],"tags":[],"class_list":["post-8327","post","type-post","status-publish","format-standard","has-post-thumbnail","hentry","category-estradastransitoveiculos"],"_links":{"self":[{"href":"https:\/\/jorgezanoni.com.br\/2019\/wp-json\/wp\/v2\/posts\/8327","targetHints":{"allow":["GET"]}}],"collection":[{"href":"https:\/\/jorgezanoni.com.br\/2019\/wp-json\/wp\/v2\/posts"}],"about":[{"href":"https:\/\/jorgezanoni.com.br\/2019\/wp-json\/wp\/v2\/types\/post"}],"author":[{"embeddable":true,"href":"https:\/\/jorgezanoni.com.br\/2019\/wp-json\/wp\/v2\/users\/1"}],"replies":[{"embeddable":true,"href":"https:\/\/jorgezanoni.com.br\/2019\/wp-json\/wp\/v2\/comments?post=8327"}],"version-history":[{"count":0,"href":"https:\/\/jorgezanoni.com.br\/2019\/wp-json\/wp\/v2\/posts\/8327\/revisions"}],"wp:featuredmedia":[{"embeddable":true,"href":"https:\/\/jorgezanoni.com.br\/2019\/wp-json\/wp\/v2\/media\/8328"}],"wp:attachment":[{"href":"https:\/\/jorgezanoni.com.br\/2019\/wp-json\/wp\/v2\/media?parent=8327"}],"wp:term":[{"taxonomy":"category","embeddable":true,"href":"https:\/\/jorgezanoni.com.br\/2019\/wp-json\/wp\/v2\/categories?post=8327"},{"taxonomy":"post_tag","embeddable":true,"href":"https:\/\/jorgezanoni.com.br\/2019\/wp-json\/wp\/v2\/tags?post=8327"}],"curies":[{"name":"wp","href":"https:\/\/api.w.org\/{rel}","templated":true}]}}