{"id":83239,"date":"2023-12-21T17:21:15","date_gmt":"2023-12-21T17:21:15","guid":{"rendered":"https:\/\/jorgezanoni.com.br\/2019\/?p=83239"},"modified":"2023-12-21T19:10:42","modified_gmt":"2023-12-21T19:10:42","slug":"morre-miria-capobianco-mira-em-londrina-pr","status":"publish","type":"post","link":"https:\/\/jorgezanoni.com.br\/2019\/morre-miria-capobianco-mira-em-londrina-pr\/","title":{"rendered":"Morre Miria Capobianco (Mira) em Londrina\/PR."},"content":{"rendered":"<p style=\"text-align: justify;\">Comunicamos com pesar o falecimento de nossa amada prima Miria Capobianco (Mira), aos 73 anos, ocorrido esta manh\u00e3 ap\u00f3s sobrer um infarto na cidade de Londrina\/PR.<\/p>\n<p style=\"text-align: justify;\">Deixa filhos, noras, netos, irm\u00e3os, demais familiares e amigos.<\/p>\n<p style=\"text-align: justify;\">O Vel\u00f3rio acontece em Londrina, no Parque das Oliveiras a partir das 18 H. de hoje (21) e o Sepultamento amanh\u00e3 (22) as 16 H. no Cemit\u00e9rio S\u00e3o Pedro.<\/p>\n<p style=\"text-align: justify;\">O SITE JZ e TOP TV se solidarizam com a fam\u00edlia e amigos neste dif\u00edcil momento.<\/p>\n<p style=\"text-align: justify;\">&#8220;Eu sei que hoje o dia est\u00e1 cinza e feio, mas tento pensar que o C\u00e9u est\u00e1 em festa e muito mais bonito por receber mais uma estrela. V\u00e1 em paz, prima&#8221;. Lembrarei de voc\u00ea sempre com seu sorriso aberto e sua calma em lidar com todas as pessoas, voc\u00ea sempre transmitiu muita paz, portanto merece ir com essa paz.<\/p>\n<p>\u00a0<img loading=\"lazy\" decoding=\"async\" class=\"alignnone size-full wp-image-83241\" src=\"https:\/\/jorgezanoni.com.br\/2019\/wp-content\/uploads\/2023\/12\/Miria-1-1.jpg\" alt=\"\" width=\"538\" height=\"817\" srcset=\"https:\/\/jorgezanoni.com.br\/2019\/wp-content\/uploads\/2023\/12\/Miria-1-1.jpg 538w, https:\/\/jorgezanoni.com.br\/2019\/wp-content\/uploads\/2023\/12\/Miria-1-1-198x300.jpg 198w, https:\/\/jorgezanoni.com.br\/2019\/wp-content\/uploads\/2023\/12\/Miria-1-1-277x420.jpg 277w\" sizes=\"auto, (max-width: 538px) 100vw, 538px\" \/><\/p>\n<p><img loading=\"lazy\" decoding=\"async\" class=\"alignnone size-full wp-image-83242\" src=\"https:\/\/jorgezanoni.com.br\/2019\/wp-content\/uploads\/2023\/12\/z-encontro.jpg\" alt=\"\" width=\"696\" height=\"321\" srcset=\"https:\/\/jorgezanoni.com.br\/2019\/wp-content\/uploads\/2023\/12\/z-encontro.jpg 696w, https:\/\/jorgezanoni.com.br\/2019\/wp-content\/uploads\/2023\/12\/z-encontro-300x138.jpg 300w\" sizes=\"auto, (max-width: 696px) 100vw, 696px\" \/>&#8220;Nossa homenagem: Voc\u00ea com todos na 8\u00aa Festa dos Primos Capobianco no \u00faltimo dia 12 de outubro&#8221;<\/p>\n<p>Jorge Zanoni<\/p>\n","protected":false},"excerpt":{"rendered":"<p>Comunicamos com pesar o falecimento de nossa amada prima Miria Capobianco (Mira), aos 73 anos, ocorrido esta manh\u00e3 ap\u00f3s sobrer um infarto na cidade de Londrina\/PR. Deixa filhos, noras, netos, irm\u00e3os, demais familiares e amigos. O Vel\u00f3rio acontece em Londrina, no Parque das Oliveiras a partir das 18 H. de hoje (21) e o Sepultamento [&hellip;]<\/p>\n","protected":false},"author":1,"featured_media":83240,"comment_status":"closed","ping_status":"open","sticky":false,"template":"","format":"standard","meta":{"footnotes":""},"categories":[178,110],"tags":[],"class_list":["post-83239","post","type-post","status-publish","format-standard","has-post-thumbnail","hentry","category-notadefalecimento","category-noticiasdestaque"],"_links":{"self":[{"href":"https:\/\/jorgezanoni.com.br\/2019\/wp-json\/wp\/v2\/posts\/83239","targetHints":{"allow":["GET"]}}],"collection":[{"href":"https:\/\/jorgezanoni.com.br\/2019\/wp-json\/wp\/v2\/posts"}],"about":[{"href":"https:\/\/jorgezanoni.com.br\/2019\/wp-json\/wp\/v2\/types\/post"}],"author":[{"embeddable":true,"href":"https:\/\/jorgezanoni.com.br\/2019\/wp-json\/wp\/v2\/users\/1"}],"replies":[{"embeddable":true,"href":"https:\/\/jorgezanoni.com.br\/2019\/wp-json\/wp\/v2\/comments?post=83239"}],"version-history":[{"count":4,"href":"https:\/\/jorgezanoni.com.br\/2019\/wp-json\/wp\/v2\/posts\/83239\/revisions"}],"predecessor-version":[{"id":83258,"href":"https:\/\/jorgezanoni.com.br\/2019\/wp-json\/wp\/v2\/posts\/83239\/revisions\/83258"}],"wp:featuredmedia":[{"embeddable":true,"href":"https:\/\/jorgezanoni.com.br\/2019\/wp-json\/wp\/v2\/media\/83240"}],"wp:attachment":[{"href":"https:\/\/jorgezanoni.com.br\/2019\/wp-json\/wp\/v2\/media?parent=83239"}],"wp:term":[{"taxonomy":"category","embeddable":true,"href":"https:\/\/jorgezanoni.com.br\/2019\/wp-json\/wp\/v2\/categories?post=83239"},{"taxonomy":"post_tag","embeddable":true,"href":"https:\/\/jorgezanoni.com.br\/2019\/wp-json\/wp\/v2\/tags?post=83239"}],"curies":[{"name":"wp","href":"https:\/\/api.w.org\/{rel}","templated":true}]}}