{"id":83232,"date":"2023-12-20T20:52:04","date_gmt":"2023-12-20T20:52:04","guid":{"rendered":"https:\/\/jorgezanoni.com.br\/2019\/?p=83232"},"modified":"2023-12-20T20:52:04","modified_gmt":"2023-12-20T20:52:04","slug":"policia-militar-apreende-adolescente-por-trafico-de-drogas-em-dracena-3","status":"publish","type":"post","link":"https:\/\/jorgezanoni.com.br\/2019\/policia-militar-apreende-adolescente-por-trafico-de-drogas-em-dracena-3\/","title":{"rendered":"Pol\u00edcia Militar apreende adolescente por Tr\u00e1fico de Drogas em Dracena"},"content":{"rendered":"<p style=\"text-align: justify;\">Na data de ontem (19) os policiais do 25\u00b0 Batalh\u00e3o de Pol\u00edcia Militar do Interior, prenderam um tr\u00e1fico de drogas em Dracena.<br \/>\nA equipe realizava o patrulhamento pelo munic\u00edpio de Dracena, e pela rua Marechal Deodoro da Fonseca, avistaram um menor em uma \u00e1rea de mata mexendo no bolso de tr\u00e1s de sua bermuda, momento em que outro indiv\u00edduo tamb\u00e9m conhecido dos meios policiais por ser usu\u00e1rio de crack, se aproximou do adolescente, nesse momento o menor esticou a m\u00e3o para entregar o entorpecente ao usu\u00e1rio, por\u00e9m, ao percebeu a chegada da equipe, soltou os il\u00edcitos. Realizada a abordagem de ambos, sendo que no bolso da bermuda do adolescente foram localizadas 3 por\u00e7\u00f5es de substancia an\u00e1logas a crack e mais 2 por\u00e7\u00f5es ca\u00eddas ao solo. Diante dos fatos, os policiais fizemos contato com a respons\u00e1vel pelo menor, que logo compareceu no local e tamb\u00e9m tomou conhecimento dos fatos, com o apoio das demais equipes as partes foram encaminhadas ao Plant\u00e3o de Pol\u00edcia Judici\u00e1ria de Dracena, permanecendo o adolescente apreendido \u00e0 disposi\u00e7\u00e3o da Justi\u00e7a.<\/p>\n<p>Fonte: Com. Social Pol\u00edcia Militar<\/p>\n","protected":false},"excerpt":{"rendered":"<p>Na data de ontem (19) os policiais do 25\u00b0 Batalh\u00e3o de Pol\u00edcia Militar do Interior, prenderam um tr\u00e1fico de drogas em Dracena. A equipe realizava o patrulhamento pelo munic\u00edpio de Dracena, e pela rua Marechal Deodoro da Fonseca, avistaram um menor em uma \u00e1rea de mata mexendo no bolso de tr\u00e1s de sua bermuda, momento [&hellip;]<\/p>\n","protected":false},"author":1,"featured_media":83233,"comment_status":"closed","ping_status":"open","sticky":false,"template":"","format":"standard","meta":{"footnotes":""},"categories":[110,2],"tags":[],"class_list":["post-83232","post","type-post","status-publish","format-standard","has-post-thumbnail","hentry","category-noticiasdestaque","category-policial"],"_links":{"self":[{"href":"https:\/\/jorgezanoni.com.br\/2019\/wp-json\/wp\/v2\/posts\/83232","targetHints":{"allow":["GET"]}}],"collection":[{"href":"https:\/\/jorgezanoni.com.br\/2019\/wp-json\/wp\/v2\/posts"}],"about":[{"href":"https:\/\/jorgezanoni.com.br\/2019\/wp-json\/wp\/v2\/types\/post"}],"author":[{"embeddable":true,"href":"https:\/\/jorgezanoni.com.br\/2019\/wp-json\/wp\/v2\/users\/1"}],"replies":[{"embeddable":true,"href":"https:\/\/jorgezanoni.com.br\/2019\/wp-json\/wp\/v2\/comments?post=83232"}],"version-history":[{"count":1,"href":"https:\/\/jorgezanoni.com.br\/2019\/wp-json\/wp\/v2\/posts\/83232\/revisions"}],"predecessor-version":[{"id":83234,"href":"https:\/\/jorgezanoni.com.br\/2019\/wp-json\/wp\/v2\/posts\/83232\/revisions\/83234"}],"wp:featuredmedia":[{"embeddable":true,"href":"https:\/\/jorgezanoni.com.br\/2019\/wp-json\/wp\/v2\/media\/83233"}],"wp:attachment":[{"href":"https:\/\/jorgezanoni.com.br\/2019\/wp-json\/wp\/v2\/media?parent=83232"}],"wp:term":[{"taxonomy":"category","embeddable":true,"href":"https:\/\/jorgezanoni.com.br\/2019\/wp-json\/wp\/v2\/categories?post=83232"},{"taxonomy":"post_tag","embeddable":true,"href":"https:\/\/jorgezanoni.com.br\/2019\/wp-json\/wp\/v2\/tags?post=83232"}],"curies":[{"name":"wp","href":"https:\/\/api.w.org\/{rel}","templated":true}]}}