{"id":83226,"date":"2023-12-20T20:39:50","date_gmt":"2023-12-20T20:39:50","guid":{"rendered":"https:\/\/jorgezanoni.com.br\/2019\/?p=83226"},"modified":"2023-12-20T20:39:50","modified_gmt":"2023-12-20T20:39:50","slug":"somos-educacao-premia-maxi-dracena-com-o-primeiro-lugar-pela-utilizacao-do-plurall-familia","status":"publish","type":"post","link":"https:\/\/jorgezanoni.com.br\/2019\/somos-educacao-premia-maxi-dracena-com-o-primeiro-lugar-pela-utilizacao-do-plurall-familia\/","title":{"rendered":"Somos Educa\u00e7\u00e3o premia Maxi Dracena com o primeiro lugar pela utiliza\u00e7\u00e3o do Plurall Fam\u00edlia"},"content":{"rendered":"<div style=\"text-align: justify;\"><span style=\"font-size: large;\">Nesta ter\u00e7a-feira (19), a Somos Educa\u00e7\u00e3o divulgou o resultado do engajamento das escolas na categoria <\/span>Plurall<span style=\"font-size: large;\">\u00a0Fam\u00edlia.<\/span><\/div>\n<div style=\"text-align: justify;\"><span style=\"font-size: large;\">\u00a0<\/span><\/div>\n<div style=\"text-align: justify;\"><span style=\"font-size: large;\">O Col\u00e9gio Maxi Dracena do CEP\/UME, unidades mantidas pela Fundec, conquistou o primeiro lugar entre as escolas vinculadas ao Sistema Maxi.<\/span><\/div>\n<div style=\"text-align: justify;\"><span style=\"font-size: large;\">\u00a0<\/span><\/div>\n<div style=\"text-align: justify;\"><span style=\"font-size: large;\">Para o alcan\u00e7ar o resultado, foi levado em considera\u00e7\u00e3o a utiliza\u00e7\u00e3o pelos pais e alunos da plataforma que representa o maior tr\u00e1fego educacional no pa\u00eds.<\/span><\/div>\n<div style=\"text-align: justify;\"><span style=\"font-size: large;\">\u00a0<\/span><\/div>\n<div style=\"text-align: justify;\"><span style=\"font-size: large;\">De acordo com C\u00e1tia Afonso, diretora da escola, um v\u00eddeo foi enviado \u00e0\u00a0<\/span>Somos<span style=\"font-size: large;\">, demonstrando todo o engajamento da fam\u00edlia e o trabalho desenvolvido pela escola no\u00a0<\/span>Plurall<span style=\"font-size: large;\">, e a institui\u00e7\u00e3o recebeu um trof\u00e9u como premia\u00e7\u00e3o.<\/span><\/div>\n<div style=\"text-align: justify;\"><span style=\"font-size: large;\">\u00a0<\/span><\/div>\n<div style=\"text-align: justify;\"><span style=\"font-size: large;\">Edson Kai, diretor executivo da Fundec, parabenizou alunos, professores, coordena\u00e7\u00e3o, dire\u00e7\u00e3o e as fam\u00edlias pelo excelente resultado.<\/span><\/div>\n<div><\/div>\n<div>Fonte: Depto. Comunica\u00e7\u00e3o da Fundec<\/div>\n","protected":false},"excerpt":{"rendered":"<p>Nesta ter\u00e7a-feira (19), a Somos Educa\u00e7\u00e3o divulgou o resultado do engajamento das escolas na categoria Plurall\u00a0Fam\u00edlia. \u00a0 O Col\u00e9gio Maxi Dracena do CEP\/UME, unidades mantidas pela Fundec, conquistou o primeiro lugar entre as escolas vinculadas ao Sistema Maxi. \u00a0 Para o alcan\u00e7ar o resultado, foi levado em considera\u00e7\u00e3o a utiliza\u00e7\u00e3o pelos pais e alunos da [&hellip;]<\/p>\n","protected":false},"author":1,"featured_media":83227,"comment_status":"closed","ping_status":"open","sticky":false,"template":"","format":"standard","meta":{"footnotes":""},"categories":[110,122],"tags":[],"class_list":["post-83226","post","type-post","status-publish","format-standard","has-post-thumbnail","hentry","category-noticiasdestaque","category-saudeeducacaoeconcurso"],"_links":{"self":[{"href":"https:\/\/jorgezanoni.com.br\/2019\/wp-json\/wp\/v2\/posts\/83226","targetHints":{"allow":["GET"]}}],"collection":[{"href":"https:\/\/jorgezanoni.com.br\/2019\/wp-json\/wp\/v2\/posts"}],"about":[{"href":"https:\/\/jorgezanoni.com.br\/2019\/wp-json\/wp\/v2\/types\/post"}],"author":[{"embeddable":true,"href":"https:\/\/jorgezanoni.com.br\/2019\/wp-json\/wp\/v2\/users\/1"}],"replies":[{"embeddable":true,"href":"https:\/\/jorgezanoni.com.br\/2019\/wp-json\/wp\/v2\/comments?post=83226"}],"version-history":[{"count":1,"href":"https:\/\/jorgezanoni.com.br\/2019\/wp-json\/wp\/v2\/posts\/83226\/revisions"}],"predecessor-version":[{"id":83228,"href":"https:\/\/jorgezanoni.com.br\/2019\/wp-json\/wp\/v2\/posts\/83226\/revisions\/83228"}],"wp:featuredmedia":[{"embeddable":true,"href":"https:\/\/jorgezanoni.com.br\/2019\/wp-json\/wp\/v2\/media\/83227"}],"wp:attachment":[{"href":"https:\/\/jorgezanoni.com.br\/2019\/wp-json\/wp\/v2\/media?parent=83226"}],"wp:term":[{"taxonomy":"category","embeddable":true,"href":"https:\/\/jorgezanoni.com.br\/2019\/wp-json\/wp\/v2\/categories?post=83226"},{"taxonomy":"post_tag","embeddable":true,"href":"https:\/\/jorgezanoni.com.br\/2019\/wp-json\/wp\/v2\/tags?post=83226"}],"curies":[{"name":"wp","href":"https:\/\/api.w.org\/{rel}","templated":true}]}}