{"id":83181,"date":"2023-12-19T19:13:33","date_gmt":"2023-12-19T19:13:33","guid":{"rendered":"https:\/\/jorgezanoni.com.br\/2019\/?p=83181"},"modified":"2023-12-19T19:13:33","modified_gmt":"2023-12-19T19:13:33","slug":"policia-civil-participa-da-cerimomia-de-inauguracao-da-casa-da-mulher-em-dracena","status":"publish","type":"post","link":"https:\/\/jorgezanoni.com.br\/2019\/policia-civil-participa-da-cerimomia-de-inauguracao-da-casa-da-mulher-em-dracena\/","title":{"rendered":"Pol\u00edcia Civil participa da cerim\u00f4mia de inaugura\u00e7\u00e3o da &#8220;Casa da Mulher&#8221; em Dracena"},"content":{"rendered":"<p style=\"text-align: justify;\">A Pol\u00edcia Civil, por interm\u00e9dio da Delegacia de Defesa da Mulher &#8211; DDM, participou nesta segunda-feira (18) de evento, promovido pela Prefeitura Municipal de Dracena, por meio da Secretaria Municipal de Desenvolvimento Social, para a inaugura\u00e7\u00e3o de uma casa abrigo destinada a mulheres em situa\u00e7\u00e3o de viol\u00eancia dom\u00e9stica e familiar.<\/p>\n<p style=\"text-align: justify;\">Durante o evento, as autoridades presentes destacaram a import\u00e2ncia da casa como um ref\u00fagio para mulheres em risco diante de seus agressores, considerando este, um marco hist\u00f3rico para o munic\u00edpio. Na ocasi\u00e3o, a Dra. Luciana Nunes Falc\u00e3o Mendes, Delegada de Pol\u00edcia Titular da Delegacia de Defesa da Mulher de Dracena\/SP, abordou a relev\u00e2ncia da \u201cCasa da Mulher\u201d, enfatizando que ela se constitui como uma das medidas para fortalecer a mulher a romper o ciclo de viol\u00eancia dom\u00e9stica.<\/p>\n<p style=\"text-align: justify;\">Aproximadamente 50 profissionais de toda a rede estiveram presentes, provenientes de servi\u00e7os como acolhimento institucional, Casa de Passagem, DRADS, CRAS, CREAS, Conselho Tutelar, Secretaria de Sa\u00fade, Secretaria de Desenvolvimento Social, Secretaria de Educa\u00e7\u00e3o, Conselho da Mulher de Dracena, bem como representantes do Poder Judici\u00e1rio, Poder Legislativo, Minist\u00e9rio P\u00fablico e Defensoria P\u00fablica do Estado.<\/p>\n<p><img loading=\"lazy\" decoding=\"async\" class=\"alignnone size-full wp-image-83182\" src=\"https:\/\/jorgezanoni.com.br\/2019\/wp-content\/uploads\/2023\/12\/mulher2-Pequeno.jpg\" alt=\"\" width=\"854\" height=\"384\" srcset=\"https:\/\/jorgezanoni.com.br\/2019\/wp-content\/uploads\/2023\/12\/mulher2-Pequeno.jpg 854w, https:\/\/jorgezanoni.com.br\/2019\/wp-content\/uploads\/2023\/12\/mulher2-Pequeno-300x135.jpg 300w, https:\/\/jorgezanoni.com.br\/2019\/wp-content\/uploads\/2023\/12\/mulher2-Pequeno-768x345.jpg 768w, https:\/\/jorgezanoni.com.br\/2019\/wp-content\/uploads\/2023\/12\/mulher2-Pequeno-696x313.jpg 696w\" sizes=\"auto, (max-width: 854px) 100vw, 854px\" \/> <img loading=\"lazy\" decoding=\"async\" class=\"alignnone size-full wp-image-83184\" src=\"https:\/\/jorgezanoni.com.br\/2019\/wp-content\/uploads\/2023\/12\/mulher-Pequeno.jpg\" alt=\"\" width=\"384\" height=\"854\" srcset=\"https:\/\/jorgezanoni.com.br\/2019\/wp-content\/uploads\/2023\/12\/mulher-Pequeno.jpg 384w, https:\/\/jorgezanoni.com.br\/2019\/wp-content\/uploads\/2023\/12\/mulher-Pequeno-135x300.jpg 135w, https:\/\/jorgezanoni.com.br\/2019\/wp-content\/uploads\/2023\/12\/mulher-Pequeno-189x420.jpg 189w\" sizes=\"auto, (max-width: 384px) 100vw, 384px\" \/><\/p>\n<p>Fonte: Com. Social Pol\u00edcia Civil<\/p>\n","protected":false},"excerpt":{"rendered":"<p>A Pol\u00edcia Civil, por interm\u00e9dio da Delegacia de Defesa da Mulher &#8211; DDM, participou nesta segunda-feira (18) de evento, promovido pela Prefeitura Municipal de Dracena, por meio da Secretaria Municipal de Desenvolvimento Social, para a inaugura\u00e7\u00e3o de uma casa abrigo destinada a mulheres em situa\u00e7\u00e3o de viol\u00eancia dom\u00e9stica e familiar. Durante o evento, as autoridades [&hellip;]<\/p>\n","protected":false},"author":1,"featured_media":83183,"comment_status":"closed","ping_status":"open","sticky":false,"template":"","format":"standard","meta":{"footnotes":""},"categories":[120,110],"tags":[],"class_list":["post-83181","post","type-post","status-publish","format-standard","has-post-thumbnail","hentry","category-justicahabitacaotecnologia","category-noticiasdestaque"],"_links":{"self":[{"href":"https:\/\/jorgezanoni.com.br\/2019\/wp-json\/wp\/v2\/posts\/83181","targetHints":{"allow":["GET"]}}],"collection":[{"href":"https:\/\/jorgezanoni.com.br\/2019\/wp-json\/wp\/v2\/posts"}],"about":[{"href":"https:\/\/jorgezanoni.com.br\/2019\/wp-json\/wp\/v2\/types\/post"}],"author":[{"embeddable":true,"href":"https:\/\/jorgezanoni.com.br\/2019\/wp-json\/wp\/v2\/users\/1"}],"replies":[{"embeddable":true,"href":"https:\/\/jorgezanoni.com.br\/2019\/wp-json\/wp\/v2\/comments?post=83181"}],"version-history":[{"count":1,"href":"https:\/\/jorgezanoni.com.br\/2019\/wp-json\/wp\/v2\/posts\/83181\/revisions"}],"predecessor-version":[{"id":83185,"href":"https:\/\/jorgezanoni.com.br\/2019\/wp-json\/wp\/v2\/posts\/83181\/revisions\/83185"}],"wp:featuredmedia":[{"embeddable":true,"href":"https:\/\/jorgezanoni.com.br\/2019\/wp-json\/wp\/v2\/media\/83183"}],"wp:attachment":[{"href":"https:\/\/jorgezanoni.com.br\/2019\/wp-json\/wp\/v2\/media?parent=83181"}],"wp:term":[{"taxonomy":"category","embeddable":true,"href":"https:\/\/jorgezanoni.com.br\/2019\/wp-json\/wp\/v2\/categories?post=83181"},{"taxonomy":"post_tag","embeddable":true,"href":"https:\/\/jorgezanoni.com.br\/2019\/wp-json\/wp\/v2\/tags?post=83181"}],"curies":[{"name":"wp","href":"https:\/\/api.w.org\/{rel}","templated":true}]}}