{"id":83110,"date":"2023-12-16T00:29:33","date_gmt":"2023-12-16T00:29:33","guid":{"rendered":"https:\/\/jorgezanoni.com.br\/2019\/?p=83110"},"modified":"2023-12-16T00:29:33","modified_gmt":"2023-12-16T00:29:33","slug":"conexao-dpark-zona-azul-ocorre-na-praca-arthur-pagnozzi-em-dracena","status":"publish","type":"post","link":"https:\/\/jorgezanoni.com.br\/2019\/conexao-dpark-zona-azul-ocorre-na-praca-arthur-pagnozzi-em-dracena\/","title":{"rendered":"\u201cConex\u00e3o dpark zona azul\u201d ocorre na pra\u00e7a Arthur Pagnozzi em Dracena"},"content":{"rendered":"<p style=\"text-align: justify;\"><strong>O hor\u00e1rio de atendimento ao p\u00fablico ser\u00e1 das 8h30 \u00e0s 12h.<\/strong><\/p>\n<p style=\"text-align: justify;\">Com o objetivo de orientar a popula\u00e7\u00e3o dracenense e regional que utiliza o servi\u00e7o de zona azul, a dpark zona azul ir\u00e1 realizar neste fim de ano, a a\u00e7\u00e3o \u2018Conex\u00e3o dpark\u2019, que ocorrer\u00e1 todos os s\u00e1bados na Pra\u00e7a Arthur Pagnozzi, centro de Dracena.<br \/>\nNeste s\u00e1bado, 16, ser\u00e1 a terceira edi\u00e7\u00e3o. O hor\u00e1rio ser\u00e1 das 8h30 \u00e0s 12h.<br \/>\nA primeira a\u00e7\u00e3o foi realizada no \u00faltimo dia 2 deste m\u00eas e j\u00e1 obteve uma resposta positiva da popula\u00e7\u00e3o que esteve presente. As a\u00e7\u00f5es ocorrer\u00e3o at\u00e9 janeiro de 2024.<br \/>\nSegundo a coordenadora da dpark zona azul, Juliana Abreu, uma equipe de monitoras preparadas com informa\u00e7\u00f5es assertivas estar\u00e3o \u00e0 disposi\u00e7\u00e3o da popula\u00e7\u00e3o para esclarecimentos de como funciona o servi\u00e7o que foi implantando recentemente na cidade.<br \/>\n\u201cO objetivo \u00e9 levar orienta\u00e7\u00f5es para os usu\u00e1rios e sanar as d\u00favidas mais frequentes, como por exemplo: como baixar e utilizar corretamente o aplicativo Digipare; funcionamento do servi\u00e7o de QR Code; rotatividade das vagas, al\u00e9m de informar os estabelecimentos que s\u00e3o pontos de vendas da zona azul\u201d, enfatiza Juliana Abreu.<\/p>\n<p>Servi\u00e7o<br \/>\nCaso a pessoa n\u00e3o consiga comparecer em nenhuma das a\u00e7\u00f5es promovidas pela conex\u00e3o dpark, que ocorrer\u00e1 todos os s\u00e1bados at\u00e9 janeiro de 2024 para tirar d\u00favidas e obter informa\u00e7\u00f5es, a sede da empresa est\u00e1 localizada na Rua XV de Novembro, n\u00ba 159, centro de Dracena. O telefone \u00e9 (18) 3823-0799.<\/p>\n<p><img loading=\"lazy\" decoding=\"async\" class=\"alignnone size-full wp-image-83111\" src=\"https:\/\/jorgezanoni.com.br\/2019\/wp-content\/uploads\/2023\/12\/dpark1-Pequeno.jpg\" alt=\"\" width=\"853\" height=\"480\" srcset=\"https:\/\/jorgezanoni.com.br\/2019\/wp-content\/uploads\/2023\/12\/dpark1-Pequeno.jpg 853w, https:\/\/jorgezanoni.com.br\/2019\/wp-content\/uploads\/2023\/12\/dpark1-Pequeno-300x169.jpg 300w, https:\/\/jorgezanoni.com.br\/2019\/wp-content\/uploads\/2023\/12\/dpark1-Pequeno-768x432.jpg 768w, https:\/\/jorgezanoni.com.br\/2019\/wp-content\/uploads\/2023\/12\/dpark1-Pequeno-696x392.jpg 696w, https:\/\/jorgezanoni.com.br\/2019\/wp-content\/uploads\/2023\/12\/dpark1-Pequeno-746x420.jpg 746w\" sizes=\"auto, (max-width: 853px) 100vw, 853px\" \/>Fonte: N\u00facleo de Comunica\u00e7\u00e3o \/ Dpark &#8211; Zona Azul .<\/p>\n","protected":false},"excerpt":{"rendered":"<p>O hor\u00e1rio de atendimento ao p\u00fablico ser\u00e1 das 8h30 \u00e0s 12h. Com o objetivo de orientar a popula\u00e7\u00e3o dracenense e regional que utiliza o servi\u00e7o de zona azul, a dpark zona azul ir\u00e1 realizar neste fim de ano, a a\u00e7\u00e3o \u2018Conex\u00e3o dpark\u2019, que ocorrer\u00e1 todos os s\u00e1bados na Pra\u00e7a Arthur Pagnozzi, centro de Dracena. Neste [&hellip;]<\/p>\n","protected":false},"author":1,"featured_media":83112,"comment_status":"closed","ping_status":"open","sticky":false,"template":"","format":"standard","meta":{"footnotes":""},"categories":[180,110],"tags":[],"class_list":["post-83110","post","type-post","status-publish","format-standard","has-post-thumbnail","hentry","category-estradastransitoveiculos","category-noticiasdestaque"],"_links":{"self":[{"href":"https:\/\/jorgezanoni.com.br\/2019\/wp-json\/wp\/v2\/posts\/83110","targetHints":{"allow":["GET"]}}],"collection":[{"href":"https:\/\/jorgezanoni.com.br\/2019\/wp-json\/wp\/v2\/posts"}],"about":[{"href":"https:\/\/jorgezanoni.com.br\/2019\/wp-json\/wp\/v2\/types\/post"}],"author":[{"embeddable":true,"href":"https:\/\/jorgezanoni.com.br\/2019\/wp-json\/wp\/v2\/users\/1"}],"replies":[{"embeddable":true,"href":"https:\/\/jorgezanoni.com.br\/2019\/wp-json\/wp\/v2\/comments?post=83110"}],"version-history":[{"count":1,"href":"https:\/\/jorgezanoni.com.br\/2019\/wp-json\/wp\/v2\/posts\/83110\/revisions"}],"predecessor-version":[{"id":83113,"href":"https:\/\/jorgezanoni.com.br\/2019\/wp-json\/wp\/v2\/posts\/83110\/revisions\/83113"}],"wp:featuredmedia":[{"embeddable":true,"href":"https:\/\/jorgezanoni.com.br\/2019\/wp-json\/wp\/v2\/media\/83112"}],"wp:attachment":[{"href":"https:\/\/jorgezanoni.com.br\/2019\/wp-json\/wp\/v2\/media?parent=83110"}],"wp:term":[{"taxonomy":"category","embeddable":true,"href":"https:\/\/jorgezanoni.com.br\/2019\/wp-json\/wp\/v2\/categories?post=83110"},{"taxonomy":"post_tag","embeddable":true,"href":"https:\/\/jorgezanoni.com.br\/2019\/wp-json\/wp\/v2\/tags?post=83110"}],"curies":[{"name":"wp","href":"https:\/\/api.w.org\/{rel}","templated":true}]}}