{"id":83090,"date":"2023-12-15T15:50:53","date_gmt":"2023-12-15T15:50:53","guid":{"rendered":"https:\/\/jorgezanoni.com.br\/2019\/?p=83090"},"modified":"2023-12-15T15:50:53","modified_gmt":"2023-12-15T15:50:53","slug":"orquestra-bachiana-filarmonica-sesi-sp-se-apresenta-na-regiao-neste-fim-de-semana","status":"publish","type":"post","link":"https:\/\/jorgezanoni.com.br\/2019\/orquestra-bachiana-filarmonica-sesi-sp-se-apresenta-na-regiao-neste-fim-de-semana\/","title":{"rendered":"Orquestra Bachiana Filarm\u00f4nica Sesi-SP se apresenta na regi\u00e3o neste fim de semana"},"content":{"rendered":"<p style=\"text-align: justify;\"><strong><em>Apresenta\u00e7\u00e3o em Dracena acontece no s\u00e1bado, 16; no domingo,17, a orquestra estar\u00e1 no Pavilh\u00e3o de Eventos em Presidente Epit\u00e1cio.<\/em><\/strong><\/p>\n<p style=\"text-align: justify;\">A Orquestra Bachiana Filarm\u00f4nica\u00a0Sesi-SP se apresenta nas cidades de Dracena e Presidente Epit\u00e1cio no pr\u00f3ximo fim de semana, 16 e 17 de dezembro. O concerto ocorre sob a reg\u00eancia do maestro Wallas Pena e conta as participa\u00e7\u00f5es do pianista Davi Campolongo e da soprano Karen Stephanie.<\/p>\n<p style=\"text-align: justify;\">Em Dracena, a apresenta\u00e7\u00e3o ser\u00e1 fechada e ocorrer\u00e1 no Teatro Municipal A\u00e9cio de Feo Flora, que ser\u00e1 reinaugurado neste s\u00e1bado, 16, a partir das 19 horas. Os ingressos s\u00e3o limitados, por conta da capacidade de ocupa\u00e7\u00e3o do espa\u00e7o. Os interessados devem entrar em contato com a Secretaria de Cultura pelo telefone 18 3821-8010.<\/p>\n<p style=\"text-align: justify;\">J\u00e1 em Presidente Epit\u00e1cio, a orquestra far\u00e1 a apresenta\u00e7\u00e3o de um concerto natalino do Pavilh\u00e3o de eventos no domingo, 17, a partir das 20 horas. Os port\u00f5es ser\u00e3o abertos e cerca de 1000 cadeiras ser\u00e3o posicionadas no espa\u00e7o. Caso prefiram, as pessoas poder\u00e3o levar a sua pr\u00f3pria cadeira ou banquinho para acompanhar o espet\u00e1culo.<\/p>\n<p style=\"text-align: justify;\">A orquestra se apresenta pelos palcos do interior do estado e do Brasil, periferias das grandes cidades, renomados teatros e templos da m\u00fasica mundial como o <em>Carnegie Hall<\/em>, o <em>Lincoln Center<\/em> e o <em>Metropolitan<\/em>, em Nova Iorque. \u201c\u00c9 uma oportunidade \u00edmpar para nossa regi\u00e3o poder receber este espet\u00e1culo t\u00e3o lindo que \u00e9 a Orquestra Bachiana Filarm\u00f4nica Sesi-SP. Estamos muito felizes em receb\u00ea-los e esperamos que a comunidade possa aproveitar esta chance\u201d, explica Sidnei Junqueira, diretor regional do Sesi em Presidente Prudente e Presidente Epit\u00e1cio.<\/p>\n<p style=\"text-align: justify;\"><strong>Sobre a Bachiana Filarm\u00f4nica Sesi-SP<\/strong><\/p>\n<p style=\"text-align: justify;\">A Orquestra \u00e9 mantida pelo Sesi-SP e representa uma a\u00e7\u00e3o relevante no apoio \u00e0 m\u00fasica erudita e ao desenvolvimento de seus integrantes. Assim, ao mesmo tempo em que contribui para a forma\u00e7\u00e3o de talentos e abre m\u00faltiplas oportunidades profissionais, leva a cultura da m\u00fasica erudita a milhares de brasileiros, apresentando-se em cidades do interior do Estado, periferias das grandes cidades e em renomados teatros, difundindo e valorizando a m\u00fasica cl\u00e1ssica de alta qualidade t\u00e9cnica e art\u00edstica.<\/p>\n<figure id=\"attachment_83092\" aria-describedby=\"caption-attachment-83092\" style=\"width: 720px\" class=\"wp-caption alignnone\"><img loading=\"lazy\" decoding=\"async\" class=\"size-full wp-image-83092\" src=\"https:\/\/jorgezanoni.com.br\/2019\/wp-content\/uploads\/2023\/12\/bachi-Pequeno.jpg\" alt=\"\" width=\"720\" height=\"480\" srcset=\"https:\/\/jorgezanoni.com.br\/2019\/wp-content\/uploads\/2023\/12\/bachi-Pequeno.jpg 720w, https:\/\/jorgezanoni.com.br\/2019\/wp-content\/uploads\/2023\/12\/bachi-Pequeno-300x200.jpg 300w, https:\/\/jorgezanoni.com.br\/2019\/wp-content\/uploads\/2023\/12\/bachi-Pequeno-696x464.jpg 696w, https:\/\/jorgezanoni.com.br\/2019\/wp-content\/uploads\/2023\/12\/bachi-Pequeno-630x420.jpg 630w\" sizes=\"auto, (max-width: 720px) 100vw, 720px\" \/><figcaption id=\"caption-attachment-83092\" class=\"wp-caption-text\">Bachiana filarmonica do Sesi-SP tocando as obras de John Willian, regida pelo Maestro Jo\u00e3o Carlos Martins;<\/figcaption><\/figure>\n<p><strong>Comunica\u00e7\u00e3o Sesi-SP<\/strong><\/p>\n<p>Paulo Ribeiro &#8211; Jornalista<\/p>\n<p>18 98141-2878<\/p>\n<p>p.ribeiro@sesisp.org.br<\/p>\n","protected":false},"excerpt":{"rendered":"<p>Apresenta\u00e7\u00e3o em Dracena acontece no s\u00e1bado, 16; no domingo,17, a orquestra estar\u00e1 no Pavilh\u00e3o de Eventos em Presidente Epit\u00e1cio. A Orquestra Bachiana Filarm\u00f4nica\u00a0Sesi-SP se apresenta nas cidades de Dracena e Presidente Epit\u00e1cio no pr\u00f3ximo fim de semana, 16 e 17 de dezembro. O concerto ocorre sob a reg\u00eancia do maestro Wallas Pena e conta as [&hellip;]<\/p>\n","protected":false},"author":1,"featured_media":83091,"comment_status":"closed","ping_status":"open","sticky":false,"template":"","format":"standard","meta":{"footnotes":""},"categories":[111,110],"tags":[],"class_list":["post-83090","post","type-post","status-publish","format-standard","has-post-thumbnail","hentry","category-esporteecultura","category-noticiasdestaque"],"_links":{"self":[{"href":"https:\/\/jorgezanoni.com.br\/2019\/wp-json\/wp\/v2\/posts\/83090","targetHints":{"allow":["GET"]}}],"collection":[{"href":"https:\/\/jorgezanoni.com.br\/2019\/wp-json\/wp\/v2\/posts"}],"about":[{"href":"https:\/\/jorgezanoni.com.br\/2019\/wp-json\/wp\/v2\/types\/post"}],"author":[{"embeddable":true,"href":"https:\/\/jorgezanoni.com.br\/2019\/wp-json\/wp\/v2\/users\/1"}],"replies":[{"embeddable":true,"href":"https:\/\/jorgezanoni.com.br\/2019\/wp-json\/wp\/v2\/comments?post=83090"}],"version-history":[{"count":1,"href":"https:\/\/jorgezanoni.com.br\/2019\/wp-json\/wp\/v2\/posts\/83090\/revisions"}],"predecessor-version":[{"id":83094,"href":"https:\/\/jorgezanoni.com.br\/2019\/wp-json\/wp\/v2\/posts\/83090\/revisions\/83094"}],"wp:featuredmedia":[{"embeddable":true,"href":"https:\/\/jorgezanoni.com.br\/2019\/wp-json\/wp\/v2\/media\/83091"}],"wp:attachment":[{"href":"https:\/\/jorgezanoni.com.br\/2019\/wp-json\/wp\/v2\/media?parent=83090"}],"wp:term":[{"taxonomy":"category","embeddable":true,"href":"https:\/\/jorgezanoni.com.br\/2019\/wp-json\/wp\/v2\/categories?post=83090"},{"taxonomy":"post_tag","embeddable":true,"href":"https:\/\/jorgezanoni.com.br\/2019\/wp-json\/wp\/v2\/tags?post=83090"}],"curies":[{"name":"wp","href":"https:\/\/api.w.org\/{rel}","templated":true}]}}