{"id":83050,"date":"2023-12-13T16:33:57","date_gmt":"2023-12-13T16:33:57","guid":{"rendered":"https:\/\/jorgezanoni.com.br\/2019\/?p=83050"},"modified":"2023-12-13T16:33:57","modified_gmt":"2023-12-13T16:33:57","slug":"comercio-de-dracena-tem-horario-ampliado-a-partir-desta-quarta-feira-13-para-vendas-de-natal","status":"publish","type":"post","link":"https:\/\/jorgezanoni.com.br\/2019\/comercio-de-dracena-tem-horario-ampliado-a-partir-desta-quarta-feira-13-para-vendas-de-natal\/","title":{"rendered":"Com\u00e9rcio de Dracena tem hor\u00e1rio ampliado a partir desta quarta-feira (13), para vendas de Natal."},"content":{"rendered":"<p style=\"text-align: justify;\"><strong>\ud83c\udf81 \ud83c\udf84 A ACE Dracena destaca que o expediente maior busca atender \u00e0 demanda de vendas, que cresce com a proximidade do Natal, e tamb\u00e9m de roupas novas para celebrar a virada do ano.<\/strong><br \/>\n.<br \/>\n\ud83c\udf85\ud83c\udffc Hor\u00e1rio estendido:<br \/>\n\ud83d\udd58 de 13 a 15\/DEZ &#8211; hor\u00e1rio noturno das 9h \u00e0s 22h (intervalo de 2 horas para o almo\u00e7o e 1 hora para o jantar);<br \/>\n\ud83d\udd58 16 DEZ\/SAB \u2013 das 9h \u00e0s 15h (intervalo de 1 horas para o almo\u00e7o);<br \/>\n\ud83d\udd58 de 18 a 22\/DEZ &#8211; hor\u00e1rio noturno das 9h \u00e0s 22h (intervalo de 2 horas para o almo\u00e7o e 1 hora para o jantar);<br \/>\n\ud83d\udd58 23 DEZ\/SAB \u2013 das 9h \u00e0s 17h (intervalo de 2 horas para o almo\u00e7o);<br \/>\n.<br \/>\nAproveite, ao realizar suas compras no com\u00e9rcio de Dracena, solicite o cupom nas empresas associadas a ACE Dracena, para concorrer a R$ 40 mil reais em dinheiro na campanha \u2018Natal dos Sonhos\u2019. \ud83c\udf81\ud83c\udf84<br \/>\n.<br \/>\n#natal2023 #natalchegando #dezembro #comerciolocal #horariodocomercio #associa\u00e7\u00e3ocomercial #acedracena #dracena #juntossomosmaisfortes<\/p>\n<p>Fonte: ACE<\/p>\n","protected":false},"excerpt":{"rendered":"<p>\ud83c\udf81 \ud83c\udf84 A ACE Dracena destaca que o expediente maior busca atender \u00e0 demanda de vendas, que cresce com a proximidade do Natal, e tamb\u00e9m de roupas novas para celebrar a virada do ano. . \ud83c\udf85\ud83c\udffc Hor\u00e1rio estendido: \ud83d\udd58 de 13 a 15\/DEZ &#8211; hor\u00e1rio noturno das 9h \u00e0s 22h (intervalo de 2 horas para [&hellip;]<\/p>\n","protected":false},"author":1,"featured_media":83051,"comment_status":"closed","ping_status":"open","sticky":false,"template":"","format":"standard","meta":{"footnotes":""},"categories":[114,110],"tags":[],"class_list":["post-83050","post","type-post","status-publish","format-standard","has-post-thumbnail","hentry","category-geralecomercio","category-noticiasdestaque"],"_links":{"self":[{"href":"https:\/\/jorgezanoni.com.br\/2019\/wp-json\/wp\/v2\/posts\/83050","targetHints":{"allow":["GET"]}}],"collection":[{"href":"https:\/\/jorgezanoni.com.br\/2019\/wp-json\/wp\/v2\/posts"}],"about":[{"href":"https:\/\/jorgezanoni.com.br\/2019\/wp-json\/wp\/v2\/types\/post"}],"author":[{"embeddable":true,"href":"https:\/\/jorgezanoni.com.br\/2019\/wp-json\/wp\/v2\/users\/1"}],"replies":[{"embeddable":true,"href":"https:\/\/jorgezanoni.com.br\/2019\/wp-json\/wp\/v2\/comments?post=83050"}],"version-history":[{"count":1,"href":"https:\/\/jorgezanoni.com.br\/2019\/wp-json\/wp\/v2\/posts\/83050\/revisions"}],"predecessor-version":[{"id":83052,"href":"https:\/\/jorgezanoni.com.br\/2019\/wp-json\/wp\/v2\/posts\/83050\/revisions\/83052"}],"wp:featuredmedia":[{"embeddable":true,"href":"https:\/\/jorgezanoni.com.br\/2019\/wp-json\/wp\/v2\/media\/83051"}],"wp:attachment":[{"href":"https:\/\/jorgezanoni.com.br\/2019\/wp-json\/wp\/v2\/media?parent=83050"}],"wp:term":[{"taxonomy":"category","embeddable":true,"href":"https:\/\/jorgezanoni.com.br\/2019\/wp-json\/wp\/v2\/categories?post=83050"},{"taxonomy":"post_tag","embeddable":true,"href":"https:\/\/jorgezanoni.com.br\/2019\/wp-json\/wp\/v2\/tags?post=83050"}],"curies":[{"name":"wp","href":"https:\/\/api.w.org\/{rel}","templated":true}]}}