{"id":83022,"date":"2023-12-12T01:25:15","date_gmt":"2023-12-12T01:25:15","guid":{"rendered":"https:\/\/jorgezanoni.com.br\/2019\/?p=83022"},"modified":"2023-12-12T01:25:15","modified_gmt":"2023-12-12T01:25:15","slug":"sicredi-participa-da-cop-28-em-apoio-a-agenda-esg-brasileira","status":"publish","type":"post","link":"https:\/\/jorgezanoni.com.br\/2019\/sicredi-participa-da-cop-28-em-apoio-a-agenda-esg-brasileira\/","title":{"rendered":"Sicredi participa da COP 28 em apoio \u00e0 agenda ESG brasileira"},"content":{"rendered":"<p style=\"text-align: justify;\"><strong><i>Institui\u00e7\u00e3o assina ades\u00e3o \u00e0 Rede Financeira para a Amaz\u00f4nia e financiamento de US$ 125 milh\u00f5es com BID Invest e DEG durante evento da ONU.<\/i><\/strong><\/p>\n<p style=\"text-align: justify;\">O Sicredi assinou, no dia 05 de dezembro, dois importantes acordos durante a Confer\u00eancia das Na\u00e7\u00f5es Unidas sobre Mudan\u00e7as Clim\u00e1ticas (COP 28), que ocorre em Dubai, nos Emirados \u00c1rabes Unidos. Integrante do Pacto Global das Na\u00e7\u00f5es Unidas (ONU), a institui\u00e7\u00e3o financeira cooperativa agora passa a integrar a Rede Financeira para a Amaz\u00f4nia, que busca mobilizar recursos do setor privado para promover, simultaneamente, a melhoria da qualidade de vida na regi\u00e3o e a preserva\u00e7\u00e3o ambiental. Al\u00e9m disso, foi formalizada a capta\u00e7\u00e3o de US$ 125 milh\u00f5es para financiar micro, pequenas e m\u00e9dias empresas lideradas por mulheres, inclusive na Amaz\u00f4nia.<\/p>\n<p style=\"text-align: justify;\">A Rede Financeira para a Amaz\u00f4nia, da qual o Sicredi passa a ser membro fundador, \u00e9 liderada pelo BID Invest e a Corpora\u00e7\u00e3o Financeira Internacional (IFC). A iniciativa visa a destina\u00e7\u00e3o de recursos para a regi\u00e3o, criando oportunidades econ\u00f4micas sustent\u00e1veis aos habitantes. &#8220;O ingresso na Rede \u00e9 mais um importante passo no sentido da coopera\u00e7\u00e3o em prol do desenvolvimento socioecon\u00f4mico e ambiental da regi\u00e3o amaz\u00f4nica. Estamos muito orgulhosos e engajados em sermos protagonistas dessa agenda, somando ainda mais for\u00e7a \u00e0s a\u00e7\u00f5es de sustentabilidade realizadas de forma perene por nossas cooperativas em todo o Brasil&#8221;, comentou C\u00e9sar Bochi, diretor presidente do Banco Cooperativo Sicredi.<\/p>\n<p style=\"text-align: justify;\">Durante a COP 28, o Sicredi j\u00e1 formalizou a primeira a\u00e7\u00e3o pr\u00e1tica de benef\u00edcio \u00e0 Amaz\u00f4nia enquanto integrante da Rede, pois foi selado o acordo de capta\u00e7\u00e3o de US$ 125 milh\u00f5es para apoio a micro, pequenas e m\u00e9dias empresas lideradas por mulheres. Parte deste valor \u2013 US$ 5 milh\u00f5es \u2013 ser\u00e1 destinada especificamente a empresas administradas por elas na regi\u00e3o amaz\u00f4nica e US$ 9,5 milh\u00f5es ser\u00e3o direcionados a empresas administradas por elas em munic\u00edpios com baixo \u00cdndice de Desenvolvimento Humano (IDH). A capta\u00e7\u00e3o de US$ 125 milh\u00f5es foi mobilizada pela institui\u00e7\u00e3o financeira de desenvolvimento alem\u00e3 DEG (Alemanha), em colabora\u00e7\u00e3o com o BID Invest e outros parceiros como Proparco (Fran\u00e7a), Commerzbank Aktiengesellschaft (Alemanha) e Symbiotics (Su\u00ed\u00e7a).<\/p>\n<p style=\"text-align: justify;\">A opera\u00e7\u00e3o contribui para meta do\u00a0<em>2X Challenge \u2013 Finance for Women<\/em>, um desafio global lan\u00e7ado pelas institui\u00e7\u00f5es financeiras de desenvolvimento do G7 e que possui o objetivo de destinar recursos \u00e0 gera\u00e7\u00e3o de oportunidades de empreendedorismo e \u00e0 lideran\u00e7a de mulheres em pa\u00edses emergentes. O recurso tamb\u00e9m atende os Objetivos do Desenvolvimento Sustent\u00e1vel (ODS) propostos pela ONU, especificamente o de n\u00famero 5, que trata sobre Igualdade de G\u00eanero.<\/p>\n<p style=\"text-align: justify;\">&#8220;Estamos dando sequ\u00eancia ao plano de capta\u00e7\u00f5es internacionais para que possamos potencializar nossas opera\u00e7\u00f5es em prol de uma economia brasileira mais igualit\u00e1ria, com menos pobreza e mais verde&#8221;, afirma Pedro Ramos, superintendente de Tesouraria do Sicredi, que representa presencialmente a institui\u00e7\u00e3o na COP 28.<\/p>\n<p style=\"text-align: justify;\">Atualmente, o Sicredi conta com mais de um milh\u00e3o de empresas associadas, sendo que 74% s\u00e3o micro e pequenas empresas; 22% microempreendedores individuais. Das mais de 1,1 milh\u00e3o de pequenas empresas existentes no Brasil, 25% s\u00e3o atualmente associadas \u00e0 institui\u00e7\u00e3o financeira cooperativa. A carteira relacionada \u00e0 economia verde do Sicredi est\u00e1 em R$ 35,8 bilh\u00f5es. As atividades de produ\u00e7\u00e3o rural familiar, agricultura de baixo carbono e energia renov\u00e1vel s\u00e3o as que representam maior volume de recursos, R$ 13,6 bilh\u00f5es, R$ 8,2 bilh\u00f5es e R$ 5,8 bilh\u00f5es, respectivamente. A carteira de cr\u00e9dito destinada especificamente a micro, pequenas e m\u00e9dias empresas lideradas por mulheres \u00e9 de R$ 15,7 bilh\u00f5es.<\/p>\n<p style=\"text-align: justify;\"><strong>Sobre o Sicredi<\/strong><\/p>\n<p class=\"v1MsoNormal\" style=\"text-align: justify;\"><i>O Sicredi \u00e9 uma institui\u00e7\u00e3o financeira cooperativa comprometida com o crescimento de seus associados e com o desenvolvimento das regi\u00f5es onde atua. Possui um modelo de gest\u00e3o que valoriza a participa\u00e7\u00e3o dos mais de 7 milh\u00f5es de associados, que exercem o papel de donos do neg\u00f3cio. Com mais de 2.600 ag\u00eancias, o Sicredi est\u00e1 presente fisicamente em todos os estados brasileiros e no Distrito Federal, disponibilizando uma gama completa de solu\u00e7\u00f5es financeiras e n\u00e3o financeiras<\/i><\/p>\n<p class=\"v1MsoNormal\" style=\"text-align: justify;\"><b><i>Site do Sicredi:\u00a0<a href=\"http:\/\/www.sicredi.com.br\/\" target=\"_blank\" rel=\"noopener noreferrer\">www.sicredi.com.br<\/a><\/i><\/b><\/p>\n<p class=\"v1MsoNormal\" style=\"text-align: justify;\"><b><i>Redes Sociais:\u00a0<\/i><\/b><em><b><u><span lang=\"EN-US\"><a href=\"http:\/\/www.facebook.com\/sicredicentrooestepaulista\" target=\"_blank\" rel=\"noopener noreferrer\"><i><span lang=\"PT-BR\">Facebook<\/span><\/i><\/a><\/span><\/u><\/b><\/em><em>\u00a0|<\/em>\u00a0<em><b><u><span lang=\"EN-US\"><a href=\"https:\/\/www.linkedin.com\/company\/sicredi-centro-oeste-paulista\/\" target=\"_blank\" rel=\"noopener noreferrer\"><i><span lang=\"PT-BR\">LinkedIn<\/span><\/i><\/a><\/span><\/u><\/b><\/em><em>\u00a0|<\/em>\u00a0<em><b><u><span lang=\"EN-US\"><a href=\"http:\/\/www.youtube.com\/sicredicentrooestepaulista\" target=\"_blank\" rel=\"noopener noreferrer\"><i><span lang=\"PT-BR\">YouTube<\/span><\/i><\/a><\/span><\/u><\/b><\/em><span lang=\"EN-US\">\u00a0<\/span><em>|\u00a0<\/em><em><b><u><span lang=\"EN-US\"><a href=\"http:\/\/www.instagram.com\/sicredicentrooestepaulista\" target=\"_blank\" rel=\"noopener noreferrer\"><i><span lang=\"PT-BR\">Instagram<\/span><\/i><\/a><\/span><\/u><\/b><\/em><\/p>\n<p style=\"text-align: justify;\"><strong>Sobre o BID Invest<\/strong><\/p>\n<p style=\"text-align: justify;\">O BID Invest, membro do Grupo Banco Interamericano de Desenvolvimento, \u00e9 um banco multilateral de desenvolvimento comprometido em promover o desenvolvimento econ\u00f4mico de seus pa\u00edses membros na Am\u00e9rica Latina e no Caribe por meio do setor privado. O BID Invest financia empresas e projetos sustent\u00e1veis para alcan\u00e7ar resultados financeiros e maximizar o desenvolvimento econ\u00f4mico, social e ambiental da regi\u00e3o. Com uma carteira de US$ 16,3 bilh\u00f5es em ativos sob gest\u00e3o e 394 clientes em 25 pa\u00edses, o BID Invest oferece solu\u00e7\u00f5es financeiras inovadoras e servi\u00e7os de consultoria que atendem \u00e0s necessidades de seus clientes em diversos setores.<\/p>\n<p style=\"text-align: justify;\">CAPA: Na foto, o superintendente de Tesouraria do Sicredi, Pedro Ramos (centro), celebra acordo junto aos representantes das institui\u00e7\u00f5es parceiras<br \/>\n<i>Cr\u00e9dito: Divulga\u00e7\u00e3o\/Sicredi<\/i><\/p>\n<p>Fonte: Comunica\u00e7\u00e3o e Marketing<\/p>\n","protected":false},"excerpt":{"rendered":"<p>Institui\u00e7\u00e3o assina ades\u00e3o \u00e0 Rede Financeira para a Amaz\u00f4nia e financiamento de US$ 125 milh\u00f5es com BID Invest e DEG durante evento da ONU. O Sicredi assinou, no dia 05 de dezembro, dois importantes acordos durante a Confer\u00eancia das Na\u00e7\u00f5es Unidas sobre Mudan\u00e7as Clim\u00e1ticas (COP 28), que ocorre em Dubai, nos Emirados \u00c1rabes Unidos. Integrante [&hellip;]<\/p>\n","protected":false},"author":1,"featured_media":83023,"comment_status":"closed","ping_status":"open","sticky":false,"template":"","format":"standard","meta":{"footnotes":""},"categories":[110,116],"tags":[],"class_list":["post-83022","post","type-post","status-publish","format-standard","has-post-thumbnail","hentry","category-noticiasdestaque","category-politicaeeconomia"],"_links":{"self":[{"href":"https:\/\/jorgezanoni.com.br\/2019\/wp-json\/wp\/v2\/posts\/83022","targetHints":{"allow":["GET"]}}],"collection":[{"href":"https:\/\/jorgezanoni.com.br\/2019\/wp-json\/wp\/v2\/posts"}],"about":[{"href":"https:\/\/jorgezanoni.com.br\/2019\/wp-json\/wp\/v2\/types\/post"}],"author":[{"embeddable":true,"href":"https:\/\/jorgezanoni.com.br\/2019\/wp-json\/wp\/v2\/users\/1"}],"replies":[{"embeddable":true,"href":"https:\/\/jorgezanoni.com.br\/2019\/wp-json\/wp\/v2\/comments?post=83022"}],"version-history":[{"count":1,"href":"https:\/\/jorgezanoni.com.br\/2019\/wp-json\/wp\/v2\/posts\/83022\/revisions"}],"predecessor-version":[{"id":83024,"href":"https:\/\/jorgezanoni.com.br\/2019\/wp-json\/wp\/v2\/posts\/83022\/revisions\/83024"}],"wp:featuredmedia":[{"embeddable":true,"href":"https:\/\/jorgezanoni.com.br\/2019\/wp-json\/wp\/v2\/media\/83023"}],"wp:attachment":[{"href":"https:\/\/jorgezanoni.com.br\/2019\/wp-json\/wp\/v2\/media?parent=83022"}],"wp:term":[{"taxonomy":"category","embeddable":true,"href":"https:\/\/jorgezanoni.com.br\/2019\/wp-json\/wp\/v2\/categories?post=83022"},{"taxonomy":"post_tag","embeddable":true,"href":"https:\/\/jorgezanoni.com.br\/2019\/wp-json\/wp\/v2\/tags?post=83022"}],"curies":[{"name":"wp","href":"https:\/\/api.w.org\/{rel}","templated":true}]}}