{"id":82992,"date":"2023-12-11T20:32:41","date_gmt":"2023-12-11T20:32:41","guid":{"rendered":"https:\/\/jorgezanoni.com.br\/2019\/?p=82992"},"modified":"2023-12-11T23:22:29","modified_gmt":"2023-12-11T23:22:29","slug":"interior-tem-talento-gremio-estudantil-criou-o-premio-inovou-a-educacao-2023-e-premiou-a-professora-jessica-passarini-vencedora-do-projeto","status":"publish","type":"post","link":"https:\/\/jorgezanoni.com.br\/2019\/interior-tem-talento-gremio-estudantil-criou-o-premio-inovou-a-educacao-2023-e-premiou-a-professora-jessica-passarini-vencedora-do-projeto\/","title":{"rendered":"Interior tem talento: Gr\u00eamio Estudantil criou o pr\u00eamio Inovou a Educa\u00e7\u00e3o 2023 e premiou a professora J\u00e9ssica Passarini, vencedora do projeto."},"content":{"rendered":"<p style=\"text-align: justify;\"><strong>A 1\u00b0 edi\u00e7\u00e3o do Pr\u00eamio Inovou a Educa\u00e7\u00e3o 2023 foi realizada na Escola Estadual Ministro Oscar Pedroso Horta, localizada em Santa Mercedes-SP para destacar os principais projetos e estrat\u00e9gias inovadoras levadas pelos professores de diferentes componentes curriculares para \u00e0 sala de aula.<\/strong><\/p>\n<p style=\"text-align: justify;\">O pr\u00eamio contou com uma banca composta por professores e especialistas do curr\u00edculo que vivem diariamente as mais diversas dificuldades para a melhoria da qualidade da educa\u00e7\u00e3o p\u00fablica, tendo sido composta pelo Professor Especialista Do Curr\u00edculo de Arte, Ant\u00f4nio Luciano Caetano, a professora especialista do curr\u00edculo de Ci\u00eancias da Natureza e Biologia, Janaina F\u00e9lix da Silva e a Coordenadora Geral Pedag\u00f3gica da Escola Estadual Carlos Umberto Carrara, Talita Cristina dos Santos.<\/p>\n<p style=\"text-align: justify;\">\u201cLutar por uma educa\u00e7\u00e3o de qualidade tamb\u00e9m deve ser o nosso trabalho enquanto Gr\u00eamio Estudantil, e hoje poder reconhecer os profissionais que tamb\u00e9m est\u00e3o empenhados na melhoria dos formatos de suas aulas para oferecer o que \u00e9 nosso direito sempre foi o ponto crucial da Nova Time Power Gr\u00eamio Estudantil\u201d, disse o Coordenador Geral do Gr\u00eamio Estudantil Richard Hugo da Ora Cruz.<\/p>\n<p style=\"text-align: justify;\">A 1\u00b0 edi\u00e7\u00e3o \u00e9 considerada um sucesso pela equipe gremista ap\u00f3s ter passado meses tentando desenvolver um projeto com a capacidade de promover a valoriza\u00e7\u00e3o de trabalhos que merecem mais reconhecimento da Pedroso Horta a fora.<\/p>\n<p style=\"text-align: justify;\">\u201c- Genial, temos que valorizar a educa\u00e7\u00e3o e os profissionais que fazem a diferen\u00e7a na educa\u00e7\u00e3o\u201d, disse Regiane Ussifati coordenadora de Gest\u00e3o Pedag\u00f3gica Geral da escola.<\/p>\n<p style=\"text-align: justify;\">Jessica Passarini, professora de Biologia e Ci\u00eancias na escola foi vencedora com a somat\u00f3ria dos mais de 200 pontos em seu projeto inscrito, cumprindo todos os requisitos da avalia\u00e7\u00e3o conduzida pela banca de jurados.<\/p>\n<p style=\"text-align: justify;\">A cerim\u00f4nia de premia\u00e7\u00e3o ocorreu no \u00faltimo dia 08 de dezembro com a presen\u00e7a do corpo docente, gest\u00e3o escolar, estudantes e membros representantes do Gr\u00eamio Estudantil.<\/p>\n<p style=\"text-align: justify;\">Coordenadoria Comunicativa do Gr\u00eamio Estudantil Ministro Oscar Pedroso Horta.<\/p>\n<p><img loading=\"lazy\" decoding=\"async\" class=\"alignnone size-full wp-image-82994\" src=\"https:\/\/jorgezanoni.com.br\/2019\/wp-content\/uploads\/2023\/12\/neila2.jpg\" alt=\"\" width=\"739\" height=\"1600\" srcset=\"https:\/\/jorgezanoni.com.br\/2019\/wp-content\/uploads\/2023\/12\/neila2.jpg 739w, https:\/\/jorgezanoni.com.br\/2019\/wp-content\/uploads\/2023\/12\/neila2-139x300.jpg 139w, https:\/\/jorgezanoni.com.br\/2019\/wp-content\/uploads\/2023\/12\/neila2-473x1024.jpg 473w, https:\/\/jorgezanoni.com.br\/2019\/wp-content\/uploads\/2023\/12\/neila2-709x1536.jpg 709w, https:\/\/jorgezanoni.com.br\/2019\/wp-content\/uploads\/2023\/12\/neila2-696x1507.jpg 696w, https:\/\/jorgezanoni.com.br\/2019\/wp-content\/uploads\/2023\/12\/neila2-194x420.jpg 194w\" sizes=\"auto, (max-width: 739px) 100vw, 739px\" \/><\/p>\n<p style=\"text-align: justify;\">CAPA: Professores que concorreram ao pr\u00eamio inscrevendo seus projetos: Carmen L\u00facia Zanoni Miola, Deyvid Leite Lobo, J\u00e9ssica Passarini e Vilma de Souza, COE Neila Valetta e o Coordenador do Gr\u00eamio Estudantil Richard Hugo da Ora Cruz. Professora J\u00e9ssica Passarini recebeu o pr\u00eamio.<\/p>\n<p>&nbsp;<\/p>\n<p>&nbsp;<\/p>\n<p>&nbsp;<\/p>\n<p>&nbsp;<\/p>\n","protected":false},"excerpt":{"rendered":"<p>A 1\u00b0 edi\u00e7\u00e3o do Pr\u00eamio Inovou a Educa\u00e7\u00e3o 2023 foi realizada na Escola Estadual Ministro Oscar Pedroso Horta, localizada em Santa Mercedes-SP para destacar os principais projetos e estrat\u00e9gias inovadoras levadas pelos professores de diferentes componentes curriculares para \u00e0 sala de aula. O pr\u00eamio contou com uma banca composta por professores e especialistas do curr\u00edculo [&hellip;]<\/p>\n","protected":false},"author":1,"featured_media":82996,"comment_status":"closed","ping_status":"open","sticky":false,"template":"","format":"standard","meta":{"footnotes":""},"categories":[110,122],"tags":[],"class_list":["post-82992","post","type-post","status-publish","format-standard","has-post-thumbnail","hentry","category-noticiasdestaque","category-saudeeducacaoeconcurso"],"_links":{"self":[{"href":"https:\/\/jorgezanoni.com.br\/2019\/wp-json\/wp\/v2\/posts\/82992","targetHints":{"allow":["GET"]}}],"collection":[{"href":"https:\/\/jorgezanoni.com.br\/2019\/wp-json\/wp\/v2\/posts"}],"about":[{"href":"https:\/\/jorgezanoni.com.br\/2019\/wp-json\/wp\/v2\/types\/post"}],"author":[{"embeddable":true,"href":"https:\/\/jorgezanoni.com.br\/2019\/wp-json\/wp\/v2\/users\/1"}],"replies":[{"embeddable":true,"href":"https:\/\/jorgezanoni.com.br\/2019\/wp-json\/wp\/v2\/comments?post=82992"}],"version-history":[{"count":1,"href":"https:\/\/jorgezanoni.com.br\/2019\/wp-json\/wp\/v2\/posts\/82992\/revisions"}],"predecessor-version":[{"id":82997,"href":"https:\/\/jorgezanoni.com.br\/2019\/wp-json\/wp\/v2\/posts\/82992\/revisions\/82997"}],"wp:featuredmedia":[{"embeddable":true,"href":"https:\/\/jorgezanoni.com.br\/2019\/wp-json\/wp\/v2\/media\/82996"}],"wp:attachment":[{"href":"https:\/\/jorgezanoni.com.br\/2019\/wp-json\/wp\/v2\/media?parent=82992"}],"wp:term":[{"taxonomy":"category","embeddable":true,"href":"https:\/\/jorgezanoni.com.br\/2019\/wp-json\/wp\/v2\/categories?post=82992"},{"taxonomy":"post_tag","embeddable":true,"href":"https:\/\/jorgezanoni.com.br\/2019\/wp-json\/wp\/v2\/tags?post=82992"}],"curies":[{"name":"wp","href":"https:\/\/api.w.org\/{rel}","templated":true}]}}