{"id":8298,"date":"2019-10-09T12:40:04","date_gmt":"2019-10-09T12:40:04","guid":{"rendered":"https:\/\/jorgezanoni.com.br\/2019\/?p=8298"},"modified":"2019-10-09T12:40:04","modified_gmt":"2019-10-09T12:40:04","slug":"homem-e-preso-por-lesao-corporal-e-violencia-domestica-em-ouro-verde","status":"publish","type":"post","link":"https:\/\/jorgezanoni.com.br\/2019\/homem-e-preso-por-lesao-corporal-e-violencia-domestica-em-ouro-verde\/","title":{"rendered":"Homem \u00e9 preso por les\u00e3o corporal e viol\u00eancia dom\u00e9stica em Ouro Verde"},"content":{"rendered":"<p style=\"text-align: justify;\">Les\u00e3o corporal\/Viol\u00eancia dom\u00e9stica (flagrante)<\/p>\n<p style=\"text-align: justify;\">No local dos fatos foi constatado que v\u00edtima estava bastante nervosa e chorando e a todo instante alegava que seu marido havia agredido com soco no peito e em seguida a agarrou pelo pesco\u00e7o e pediu para que sa\u00edsse da resid\u00eancia com os filhos. Autor ap\u00f3s abordado confessou que havia desferido um soco no peito e a agarrou pelo pesco\u00e7o. Diante dos fatos foi dada voz de pris\u00e3o em flagrante por les\u00e3o corporal\/ viol\u00eancia dom\u00e9stica, sendo colocado no compartimento de preso devido seu estado de embriaguez sem uso de algemas. Ambas as partes apresentadas na delegacia de ouro verde onde o Delegado ratificou o flagrante, sendo arbitrada a fian\u00e7a no valor de 1 sal\u00e1rio m\u00ednimo o qual foi pago por familiares.<\/p>\n<p style=\"text-align: justify;\">Local: Estrada vicinal Pedro clapis km 01 Ch\u00e1cara Nossa Sra. de F\u00e1tima bairro Caique Ouro Verde.<br \/>\nData: 081820OUT19 &#8211;\u00a0Vitima: V.M. (35 anos) e\u00a0Autor: D.R. (38 anos)<\/p>\n<p>&nbsp;<\/p>\n","protected":false},"excerpt":{"rendered":"<p>Les\u00e3o corporal\/Viol\u00eancia dom\u00e9stica (flagrante) No local dos fatos foi constatado que v\u00edtima estava bastante nervosa e chorando e a todo instante alegava que seu marido havia agredido com soco no peito e em seguida a agarrou pelo pesco\u00e7o e pediu para que sa\u00edsse da resid\u00eancia com os filhos. Autor ap\u00f3s abordado confessou que havia desferido [&hellip;]<\/p>\n","protected":false},"author":1,"featured_media":8299,"comment_status":"closed","ping_status":"open","sticky":false,"template":"","format":"standard","meta":{"footnotes":""},"categories":[2],"tags":[],"class_list":["post-8298","post","type-post","status-publish","format-standard","has-post-thumbnail","hentry","category-policial"],"_links":{"self":[{"href":"https:\/\/jorgezanoni.com.br\/2019\/wp-json\/wp\/v2\/posts\/8298","targetHints":{"allow":["GET"]}}],"collection":[{"href":"https:\/\/jorgezanoni.com.br\/2019\/wp-json\/wp\/v2\/posts"}],"about":[{"href":"https:\/\/jorgezanoni.com.br\/2019\/wp-json\/wp\/v2\/types\/post"}],"author":[{"embeddable":true,"href":"https:\/\/jorgezanoni.com.br\/2019\/wp-json\/wp\/v2\/users\/1"}],"replies":[{"embeddable":true,"href":"https:\/\/jorgezanoni.com.br\/2019\/wp-json\/wp\/v2\/comments?post=8298"}],"version-history":[{"count":0,"href":"https:\/\/jorgezanoni.com.br\/2019\/wp-json\/wp\/v2\/posts\/8298\/revisions"}],"wp:featuredmedia":[{"embeddable":true,"href":"https:\/\/jorgezanoni.com.br\/2019\/wp-json\/wp\/v2\/media\/8299"}],"wp:attachment":[{"href":"https:\/\/jorgezanoni.com.br\/2019\/wp-json\/wp\/v2\/media?parent=8298"}],"wp:term":[{"taxonomy":"category","embeddable":true,"href":"https:\/\/jorgezanoni.com.br\/2019\/wp-json\/wp\/v2\/categories?post=8298"},{"taxonomy":"post_tag","embeddable":true,"href":"https:\/\/jorgezanoni.com.br\/2019\/wp-json\/wp\/v2\/tags?post=8298"}],"curies":[{"name":"wp","href":"https:\/\/api.w.org\/{rel}","templated":true}]}}