{"id":82975,"date":"2023-12-08T00:48:07","date_gmt":"2023-12-08T00:48:07","guid":{"rendered":"https:\/\/jorgezanoni.com.br\/2019\/?p=82975"},"modified":"2023-12-08T00:48:07","modified_gmt":"2023-12-08T00:48:07","slug":"policia-civil-esclarece-furto-em-loja-de-celulares-ocorrido-no-centro-de-dracena","status":"publish","type":"post","link":"https:\/\/jorgezanoni.com.br\/2019\/policia-civil-esclarece-furto-em-loja-de-celulares-ocorrido-no-centro-de-dracena\/","title":{"rendered":"Pol\u00edcia Civil esclarece furto em loja de Celulares ocorrido no centro de Dracena"},"content":{"rendered":"<p style=\"text-align: justify;\">A Pol\u00edcia Civil, por interm\u00e9dio das Unidades Especializadas &#8211; DIG\/DISE, esclareceu, nesta quarta-feira (6), o furto de telefones celulares ocorrido nesta madrugada em uma loja localizada no centro da cidade de Dracena (SP). Dois suspeitos foram identificados: um homem de 20 anos e um adolescente cuja idade n\u00e3o foi divulgada, est\u00e3o envolvidos na subtra\u00e7\u00e3o dos aparelhos celulares.<\/p>\n<p style=\"text-align: justify;\">Assim que a Pol\u00edcia Civil teve conhecimento do furto, agentes das Unidades Especializadas iniciaram as investiga\u00e7\u00f5es de campo. Os policiais civis estiveram no estabelecimento furtado e conseguiram imagens das c\u00e2meras de monitoramento de seguran\u00e7a que flagraram a a\u00e7\u00e3o delituosa dos suspeitos.<\/p>\n<p style=\"text-align: justify;\">Os investigados foram captados pelas c\u00e2meras no momento em que for\u00e7aram a porta de vidro do estabelecimento com algum instrumento de ferro e ingressaram no local, de onde subtra\u00edram uma quantia de 10 aparelhos celulares.<\/p>\n<p style=\"text-align: justify;\">Com base nas imagens, a Pol\u00edcia Civil, utilizando ferramentas de intelig\u00eancia policial, conseguiu identificar a participa\u00e7\u00e3o do adolescente e obteve seu endere\u00e7o. O menor foi localizado e apresentado na sede das Unidades Especializadas, acompanhado de sua genitora, que, ao ser ouvido, confessou sua participa\u00e7\u00e3o e indicou caracter\u00edsticas do segundo envolvido. O menor mencionou ainda que, ap\u00f3s o furto, ficaria com um dos 10 aparelhos subtra\u00eddos, por\u00e9m acrescentou que todos os aparelhos ficaram com o comparsa.<\/p>\n<p style=\"text-align: justify;\">O outro suspeito j\u00e1 identificado \u00e9 um homem de 20 anos, que tamb\u00e9m estava sendo investigado por outro furto em lojas de venda de aparelhos celulares ocorrido no m\u00eas de setembro. Em continuidade \u00e0s dilig\u00eancias, agentes realizaram vistorias em locais frequentados pelo acusado ao longo do dia, visando sua captura, bem como a recupera\u00e7\u00e3o dos objetos subtra\u00eddos. No entanto, o homem n\u00e3o foi localizado. Ainda durante as investiga\u00e7\u00f5es, a Pol\u00edcia Civil apreendeu um simulacro de arma de fogo.<\/p>\n<p style=\"text-align: justify;\">Um inqu\u00e9rito policial, versando sobre o crime de furto qualificado, foi instaurado pelas Unidades Especializadas, que subsidiar\u00e1, acrescido de elementos probat\u00f3rios, um pedido de pris\u00e3o tempor\u00e1ria do suspeito maior de idade. O adolescente foi liberado para sua respons\u00e1vel legal.<\/p>\n<p><img loading=\"lazy\" decoding=\"async\" class=\"alignnone size-full wp-image-82976\" src=\"https:\/\/jorgezanoni.com.br\/2019\/wp-content\/uploads\/2023\/12\/pc.jpg\" alt=\"\" width=\"1199\" height=\"977\" srcset=\"https:\/\/jorgezanoni.com.br\/2019\/wp-content\/uploads\/2023\/12\/pc.jpg 1199w, https:\/\/jorgezanoni.com.br\/2019\/wp-content\/uploads\/2023\/12\/pc-300x244.jpg 300w, https:\/\/jorgezanoni.com.br\/2019\/wp-content\/uploads\/2023\/12\/pc-1024x834.jpg 1024w, https:\/\/jorgezanoni.com.br\/2019\/wp-content\/uploads\/2023\/12\/pc-768x626.jpg 768w, https:\/\/jorgezanoni.com.br\/2019\/wp-content\/uploads\/2023\/12\/pc-696x567.jpg 696w, https:\/\/jorgezanoni.com.br\/2019\/wp-content\/uploads\/2023\/12\/pc-1068x870.jpg 1068w, https:\/\/jorgezanoni.com.br\/2019\/wp-content\/uploads\/2023\/12\/pc-515x420.jpg 515w\" sizes=\"auto, (max-width: 1199px) 100vw, 1199px\" \/> <img loading=\"lazy\" decoding=\"async\" class=\"alignnone size-full wp-image-82977\" src=\"https:\/\/jorgezanoni.com.br\/2019\/wp-content\/uploads\/2023\/12\/pc1.jpg\" alt=\"\" width=\"1379\" height=\"1599\" srcset=\"https:\/\/jorgezanoni.com.br\/2019\/wp-content\/uploads\/2023\/12\/pc1.jpg 1379w, https:\/\/jorgezanoni.com.br\/2019\/wp-content\/uploads\/2023\/12\/pc1-259x300.jpg 259w, https:\/\/jorgezanoni.com.br\/2019\/wp-content\/uploads\/2023\/12\/pc1-883x1024.jpg 883w, https:\/\/jorgezanoni.com.br\/2019\/wp-content\/uploads\/2023\/12\/pc1-768x891.jpg 768w, https:\/\/jorgezanoni.com.br\/2019\/wp-content\/uploads\/2023\/12\/pc1-1325x1536.jpg 1325w, https:\/\/jorgezanoni.com.br\/2019\/wp-content\/uploads\/2023\/12\/pc1-696x807.jpg 696w, https:\/\/jorgezanoni.com.br\/2019\/wp-content\/uploads\/2023\/12\/pc1-1068x1238.jpg 1068w, https:\/\/jorgezanoni.com.br\/2019\/wp-content\/uploads\/2023\/12\/pc1-362x420.jpg 362w\" sizes=\"auto, (max-width: 1379px) 100vw, 1379px\" \/><\/p>\n<p>Fonte: Com. Social Pol\u00edcia Civil<\/p>\n","protected":false},"excerpt":{"rendered":"<p>A Pol\u00edcia Civil, por interm\u00e9dio das Unidades Especializadas &#8211; DIG\/DISE, esclareceu, nesta quarta-feira (6), o furto de telefones celulares ocorrido nesta madrugada em uma loja localizada no centro da cidade de Dracena (SP). Dois suspeitos foram identificados: um homem de 20 anos e um adolescente cuja idade n\u00e3o foi divulgada, est\u00e3o envolvidos na subtra\u00e7\u00e3o dos [&hellip;]<\/p>\n","protected":false},"author":1,"featured_media":82978,"comment_status":"closed","ping_status":"open","sticky":false,"template":"","format":"standard","meta":{"footnotes":""},"categories":[110,2],"tags":[],"class_list":["post-82975","post","type-post","status-publish","format-standard","has-post-thumbnail","hentry","category-noticiasdestaque","category-policial"],"_links":{"self":[{"href":"https:\/\/jorgezanoni.com.br\/2019\/wp-json\/wp\/v2\/posts\/82975","targetHints":{"allow":["GET"]}}],"collection":[{"href":"https:\/\/jorgezanoni.com.br\/2019\/wp-json\/wp\/v2\/posts"}],"about":[{"href":"https:\/\/jorgezanoni.com.br\/2019\/wp-json\/wp\/v2\/types\/post"}],"author":[{"embeddable":true,"href":"https:\/\/jorgezanoni.com.br\/2019\/wp-json\/wp\/v2\/users\/1"}],"replies":[{"embeddable":true,"href":"https:\/\/jorgezanoni.com.br\/2019\/wp-json\/wp\/v2\/comments?post=82975"}],"version-history":[{"count":1,"href":"https:\/\/jorgezanoni.com.br\/2019\/wp-json\/wp\/v2\/posts\/82975\/revisions"}],"predecessor-version":[{"id":82979,"href":"https:\/\/jorgezanoni.com.br\/2019\/wp-json\/wp\/v2\/posts\/82975\/revisions\/82979"}],"wp:featuredmedia":[{"embeddable":true,"href":"https:\/\/jorgezanoni.com.br\/2019\/wp-json\/wp\/v2\/media\/82978"}],"wp:attachment":[{"href":"https:\/\/jorgezanoni.com.br\/2019\/wp-json\/wp\/v2\/media?parent=82975"}],"wp:term":[{"taxonomy":"category","embeddable":true,"href":"https:\/\/jorgezanoni.com.br\/2019\/wp-json\/wp\/v2\/categories?post=82975"},{"taxonomy":"post_tag","embeddable":true,"href":"https:\/\/jorgezanoni.com.br\/2019\/wp-json\/wp\/v2\/tags?post=82975"}],"curies":[{"name":"wp","href":"https:\/\/api.w.org\/{rel}","templated":true}]}}