{"id":82972,"date":"2023-12-08T00:38:52","date_gmt":"2023-12-08T00:38:52","guid":{"rendered":"https:\/\/jorgezanoni.com.br\/2019\/?p=82972"},"modified":"2023-12-08T00:38:52","modified_gmt":"2023-12-08T00:38:52","slug":"dpark-zona-azul-marcara-presenca-nos-shows-de-aniversario-de-dracena","status":"publish","type":"post","link":"https:\/\/jorgezanoni.com.br\/2019\/dpark-zona-azul-marcara-presenca-nos-shows-de-aniversario-de-dracena\/","title":{"rendered":"Dpark \u2013 Zona Azul marcar\u00e1 presen\u00e7a nos shows de anivers\u00e1rio de Dracena"},"content":{"rendered":"<p style=\"text-align: justify;\">Durante as apresenta\u00e7\u00f5es art\u00edsticas, a empresa estar\u00e1 sendo divulgada pela locu\u00e7\u00e3o do evento; o cantor gospel, Fernandinho, abrir\u00e1 o primeiro dia do evento, a partir das 20h, em frente \u00e0 prefeitura.<\/p>\n<p style=\"text-align: justify;\">Por N\u00facleo de Comunica\u00e7\u00e3o\/Dpark &#8211; Zona Azul<\/p>\n<p style=\"text-align: justify;\">A Dpark \u2013 Zona Azul, empresa que presta o servi\u00e7o do estacionamento rotativo em Dracena-SP, marcar\u00e1 presen\u00e7a nos shows de anivers\u00e1rio do munic\u00edpio, que ocorrer\u00e3o nesta quinta-feira, 7, e sexta-feira, 8.<br \/>\nPara comemorar os 78 anos, durante as apresenta\u00e7\u00f5es art\u00edsticas, a Dpark \u2013 Zona Azul estar\u00e1 sendo divulgada pela locu\u00e7\u00e3o do evento.<br \/>\n\u201cRessaltamos a import\u00e2ncia da parceria para as realiza\u00e7\u00f5es dos eventos culturais que s\u00e3o organizados pela prefeitura. Desejo os parab\u00e9ns aos dracenenses e progresso ao munic\u00edpio\u201d, disse a coordenadora da Dpark-Zona Azul, Juliana Abreu.<br \/>\nEm virtude do feriado de anivers\u00e1rio de Dracena que \u00e9 comemorado nesta sexta-feira, 8, a Dpark-Zona Azul informa que n\u00e3o haver\u00e1 fiscaliza\u00e7\u00e3o e cobran\u00e7a das vagas do estacionamento rotativo, conforme previsto em decreto pela Prefeitura.<\/p>\n<p style=\"text-align: justify;\">Servi\u00e7o<br \/>\nNesta quinta-feira, 7, quem sobe ao palco a partir das 20h, \u00e9 o cantor gospel, Fernandinho. Amanh\u00e3, 8, \u00e9 a vez da dupla sertaneja, Thaeme e Thiago. Os shows s\u00e3o gratuitos e ser\u00e3o realizados em frente ao pa\u00e7o municipal. A Prefeitura de Dracena \u00e9 a organizadora do evento que faz parte das comemora\u00e7\u00f5es dos 78 anos do munic\u00edpio.<\/p>\n<p>Fonte: ASG Engenharia\/DPARK\/Zona Azul<\/p>\n","protected":false},"excerpt":{"rendered":"<p>Durante as apresenta\u00e7\u00f5es art\u00edsticas, a empresa estar\u00e1 sendo divulgada pela locu\u00e7\u00e3o do evento; o cantor gospel, Fernandinho, abrir\u00e1 o primeiro dia do evento, a partir das 20h, em frente \u00e0 prefeitura. Por N\u00facleo de Comunica\u00e7\u00e3o\/Dpark &#8211; Zona Azul A Dpark \u2013 Zona Azul, empresa que presta o servi\u00e7o do estacionamento rotativo em Dracena-SP, marcar\u00e1 presen\u00e7a [&hellip;]<\/p>\n","protected":false},"author":1,"featured_media":82973,"comment_status":"closed","ping_status":"open","sticky":false,"template":"","format":"standard","meta":{"footnotes":""},"categories":[180,110],"tags":[],"class_list":["post-82972","post","type-post","status-publish","format-standard","has-post-thumbnail","hentry","category-estradastransitoveiculos","category-noticiasdestaque"],"_links":{"self":[{"href":"https:\/\/jorgezanoni.com.br\/2019\/wp-json\/wp\/v2\/posts\/82972","targetHints":{"allow":["GET"]}}],"collection":[{"href":"https:\/\/jorgezanoni.com.br\/2019\/wp-json\/wp\/v2\/posts"}],"about":[{"href":"https:\/\/jorgezanoni.com.br\/2019\/wp-json\/wp\/v2\/types\/post"}],"author":[{"embeddable":true,"href":"https:\/\/jorgezanoni.com.br\/2019\/wp-json\/wp\/v2\/users\/1"}],"replies":[{"embeddable":true,"href":"https:\/\/jorgezanoni.com.br\/2019\/wp-json\/wp\/v2\/comments?post=82972"}],"version-history":[{"count":1,"href":"https:\/\/jorgezanoni.com.br\/2019\/wp-json\/wp\/v2\/posts\/82972\/revisions"}],"predecessor-version":[{"id":82974,"href":"https:\/\/jorgezanoni.com.br\/2019\/wp-json\/wp\/v2\/posts\/82972\/revisions\/82974"}],"wp:featuredmedia":[{"embeddable":true,"href":"https:\/\/jorgezanoni.com.br\/2019\/wp-json\/wp\/v2\/media\/82973"}],"wp:attachment":[{"href":"https:\/\/jorgezanoni.com.br\/2019\/wp-json\/wp\/v2\/media?parent=82972"}],"wp:term":[{"taxonomy":"category","embeddable":true,"href":"https:\/\/jorgezanoni.com.br\/2019\/wp-json\/wp\/v2\/categories?post=82972"},{"taxonomy":"post_tag","embeddable":true,"href":"https:\/\/jorgezanoni.com.br\/2019\/wp-json\/wp\/v2\/tags?post=82972"}],"curies":[{"name":"wp","href":"https:\/\/api.w.org\/{rel}","templated":true}]}}