{"id":82951,"date":"2023-12-06T17:40:59","date_gmt":"2023-12-06T17:40:59","guid":{"rendered":"https:\/\/jorgezanoni.com.br\/2019\/?p=82951"},"modified":"2023-12-06T17:40:59","modified_gmt":"2023-12-06T17:40:59","slug":"a-dpark-zona-azul-realiza-acao-de-orientacao-e-informacao-na-praca-arthur-pagnozzi","status":"publish","type":"post","link":"https:\/\/jorgezanoni.com.br\/2019\/a-dpark-zona-azul-realiza-acao-de-orientacao-e-informacao-na-praca-arthur-pagnozzi\/","title":{"rendered":"A Dpark &#8211; Zona Azul, realiza a\u00e7\u00e3o de orienta\u00e7\u00e3o e informa\u00e7\u00e3o na pra\u00e7a Arthur Pagnozzi ."},"content":{"rendered":"<p style=\"text-align: justify;\"><strong>Com o objetivo de orientar a popula\u00e7\u00e3o dracenense e regional que utiliza o servi\u00e7o de zona azul, a Dpark- Zona azul ir\u00e1 realizar neste fim de ano, a a\u00e7\u00e3o \u2018Conex\u00e3o Dpark\u2019, que ocorrer\u00e1 todos os s\u00e1bados na Pra\u00e7a Arthur Pagnozzi, centro de Dracena; no hor\u00e1rio das 8h30 \u00e0s 12h.<\/strong><\/p>\n<p style=\"text-align: justify;\">A primeira a\u00e7\u00e3o foi realizada no \u00faltimo s\u00e1bado, 2 de dezembro, e j\u00e1 obteve uma resposta positiva da popula\u00e7\u00e3o que esteve presente. As a\u00e7\u00f5es da CONEX\u00c3O DPARK ocorrer\u00e3o at\u00e9 janeiro de 2024.<\/p>\n<p style=\"text-align: justify;\">\nSegundo a coordenadora da Dpark &#8211; Zona azul, Juliana Abreu, uma equipe de monitoras preparadas com informa\u00e7\u00f5es assertivas estar\u00e3o \u00e0 disposi\u00e7\u00e3o da popula\u00e7\u00e3o para esclarecimentos de como funciona o servi\u00e7o que foi implantando recentemente na cidade.<\/p>\n<p style=\"text-align: justify;\">\u201cO objetivo da CONEX\u00c3O DPARK \u00e9 levar orienta\u00e7\u00f5es para os usu\u00e1rios e sanar as d\u00favidas mais frequentes, como por exemplo: como baixar e utilizar corretamente o aplicativo Digipare; funcionamento do servi\u00e7o de QR Code; rotatividade das vagas, al\u00e9m de informar os estabelecimentos que s\u00e3o PONTOS DE VENDAS DA ZONA AZUL\u201d, enfatiza Juliana Abreu.<\/p>\n<p>Servi\u00e7o<br \/>\nCaso a pessoa n\u00e3o consiga comparecer em nenhuma das a\u00e7\u00f5es promovidas pela CONEX\u00c3O DPARK, que ocorrer\u00e1 todos os s\u00e1bados at\u00e9 janeiro de 2024 para tirar d\u00favidas e obter informa\u00e7\u00f5es, a sede da empresa est\u00e1 localizada na Rua XV de Novembro, n\u00ba 159, centro de Dracena. O telefone \u00e9 (18) 3823-0799. Basta entrar em contato e tirar todas\u00a0as\u00a0d\u00favidas!<\/p>\n<p>Fonte: N\u00facleo de Comunica\u00e7\u00e3o \/ Dpark &#8211; Zona Azul .<\/p>\n","protected":false},"excerpt":{"rendered":"<p>Com o objetivo de orientar a popula\u00e7\u00e3o dracenense e regional que utiliza o servi\u00e7o de zona azul, a Dpark- Zona azul ir\u00e1 realizar neste fim de ano, a a\u00e7\u00e3o \u2018Conex\u00e3o Dpark\u2019, que ocorrer\u00e1 todos os s\u00e1bados na Pra\u00e7a Arthur Pagnozzi, centro de Dracena; no hor\u00e1rio das 8h30 \u00e0s 12h. A primeira a\u00e7\u00e3o foi realizada no [&hellip;]<\/p>\n","protected":false},"author":1,"featured_media":82952,"comment_status":"closed","ping_status":"open","sticky":false,"template":"","format":"standard","meta":{"footnotes":""},"categories":[180,110],"tags":[],"class_list":["post-82951","post","type-post","status-publish","format-standard","has-post-thumbnail","hentry","category-estradastransitoveiculos","category-noticiasdestaque"],"_links":{"self":[{"href":"https:\/\/jorgezanoni.com.br\/2019\/wp-json\/wp\/v2\/posts\/82951","targetHints":{"allow":["GET"]}}],"collection":[{"href":"https:\/\/jorgezanoni.com.br\/2019\/wp-json\/wp\/v2\/posts"}],"about":[{"href":"https:\/\/jorgezanoni.com.br\/2019\/wp-json\/wp\/v2\/types\/post"}],"author":[{"embeddable":true,"href":"https:\/\/jorgezanoni.com.br\/2019\/wp-json\/wp\/v2\/users\/1"}],"replies":[{"embeddable":true,"href":"https:\/\/jorgezanoni.com.br\/2019\/wp-json\/wp\/v2\/comments?post=82951"}],"version-history":[{"count":1,"href":"https:\/\/jorgezanoni.com.br\/2019\/wp-json\/wp\/v2\/posts\/82951\/revisions"}],"predecessor-version":[{"id":82953,"href":"https:\/\/jorgezanoni.com.br\/2019\/wp-json\/wp\/v2\/posts\/82951\/revisions\/82953"}],"wp:featuredmedia":[{"embeddable":true,"href":"https:\/\/jorgezanoni.com.br\/2019\/wp-json\/wp\/v2\/media\/82952"}],"wp:attachment":[{"href":"https:\/\/jorgezanoni.com.br\/2019\/wp-json\/wp\/v2\/media?parent=82951"}],"wp:term":[{"taxonomy":"category","embeddable":true,"href":"https:\/\/jorgezanoni.com.br\/2019\/wp-json\/wp\/v2\/categories?post=82951"},{"taxonomy":"post_tag","embeddable":true,"href":"https:\/\/jorgezanoni.com.br\/2019\/wp-json\/wp\/v2\/tags?post=82951"}],"curies":[{"name":"wp","href":"https:\/\/api.w.org\/{rel}","templated":true}]}}