{"id":82948,"date":"2023-12-06T16:48:03","date_gmt":"2023-12-06T16:48:03","guid":{"rendered":"https:\/\/jorgezanoni.com.br\/2019\/?p=82948"},"modified":"2023-12-06T16:48:03","modified_gmt":"2023-12-06T16:48:03","slug":"naquele-outro-tempo-tudo-era-apenas-um-tempo-do-tempo-por-sergio-barbosa","status":"publish","type":"post","link":"https:\/\/jorgezanoni.com.br\/2019\/naquele-outro-tempo-tudo-era-apenas-um-tempo-do-tempo-por-sergio-barbosa\/","title":{"rendered":"Naquele outro TEMPO tudo era apenas um TEMPO do TEMPO&#8230; (por S\u00e9rgio Barbosa)"},"content":{"rendered":"<p style=\"text-align: justify;\"><strong><em>\u201cO valor das coisas n\u00e3o est\u00e1 no tempo que elas duram, mas na intensidade com que acontecem. Por isso existem momentos inesquec\u00edveis, coisas inexplic\u00e1veis e pessoas incompar\u00e1veis.\u201d (<\/em><a href=\"https:\/\/www.pensador.com\/autor\/maria_julia_paes_de_silva\/\"><em>Maria Julia Paes de Silva<\/em><\/a><em>)<\/em><\/strong><\/p>\n<p style=\"text-align: justify;\"><strong><em>By seb@r.<\/em><\/strong><\/p>\n<p style=\"text-align: justify;\">Do outro lado dos fatos podem ocorrer muitos desencontros em nome disto ou daquilo, como sempre, depende do momento para uma aproxima\u00e7\u00e3o mais de acordo com as propostas que estavam perdidas naquele outro tempo sem o tempo daquele tempo&#8230;<\/p>\n<p style=\"text-align: justify;\">O que n\u00e3o se pode deixar de lado s\u00e3o as d\u00favidas que rondam o lugar, por\u00e9m, cada qual deve saber para onde seguir neste caminho sem volta, ainda, buscando estar em sintonia com o outro lado que se perdeu no tempo do tempo&#8230;<\/p>\n<p style=\"text-align: justify;\">Portanto, o que est\u00e1 em jogo continua dentro do mesmo padr\u00e3o de qualidade para uma conex\u00e3o com a liberdade da exist\u00eancia, todavia, nada se perde neste cen\u00e1rio que est\u00e1 al\u00e9m do que se perdeu no outro tempo daquele tempo&#8230;<\/p>\n<p style=\"text-align: justify;\">Nada deve ficar daquele outro lado da ponte, por\u00e9m, as normas existem para colocar tudo em ordem pela desordem do momento em que tudo ficou para tr\u00e1s neste tempo sem o tempo&#8230;<\/p>\n<p style=\"text-align: justify;\">Pra sentir \u00e9 necess\u00e1ria uma intermedia\u00e7\u00e3o entre todos os lados desta ponte que continua no mesmo lugar que estava quando ocorreu a despedida do tempo daquele outro tempo deste tempo&#8230;<\/p>\n<p style=\"text-align: justify;\">As portas continuam entreabertas para que o passageiro n\u00e3o possa ficar no mesmo canto, por isso, torna-se necess\u00e1rio n\u00e3o deixar de lado todas as possibilidades de que o tempo fique com o tempo em busca do tempo&#8230;<\/p>\n<p style=\"text-align: justify;\">O que esperar disto ou daquilo, todavia, nada pode ser descartado em meio \u00e0s media\u00e7\u00f5es executadas pelo cotidiano dos fatos que foram determinados pela origem das ilus\u00f5es do tempo e o outro tempo deste tempo&#8230;<\/p>\n<p style=\"text-align: justify;\">Apenas os olhares est\u00e3o distantes deste momento sublime que proporciona muitas divaga\u00e7\u00f5es sobre o passado, mesmo assim, pode-se registrar que o presente continua mais atual do que nunca para uma aproxima\u00e7\u00e3o com o tempo em busca do tempo para o tempo&#8230;<\/p>\n<p style=\"text-align: justify;\">Se tudo pode ocorrer neste contexto plural para as pessoas, ent\u00e3o, que se fa\u00e7am todas as honras para uma entrada sem licen\u00e7a neste lugar e tudo estar\u00e1 resolvido pelas partes envolvidas neste tempo sem o tempo&#8230;<\/p>\n<p style=\"text-align: justify;\">As utopias est\u00e3o perdidas para aquelas pessoas e tudo se perdeu na imensid\u00e3o dos fatos com falsas promessas, ou seja, s\u00f3 o dito pelo n\u00e3o dito pode fazer a diferen\u00e7a neste tempo do tempo com o tempo&#8230;<\/p>\n<p style=\"text-align: justify;\">Muitos ocasos est\u00e3o neste cen\u00e1rio multicolorido e determinar o que se espera do tempo, haja vista que este tempo pode abrir as janelas do outro tempo, assim, tudo pode ficar de acordo com o tempo que se perdeu no tempo em busca do tempo&#8230;<\/p>\n<p style=\"text-align: justify;\">S\u00d3 MESMO QUEM ESTEVE NESTE TEMPO DO TEMPO PODE SABER DO TEMPO SEM O TEMPO&#8230;<\/p>\n<p><strong><em>______________________________<\/em><\/strong><\/p>\n<p><strong><em>e-mail: barbosa.sebar@gmail.com<\/em><\/strong><\/p>\n<p>&nbsp;<\/p>\n<p>&nbsp;<\/p>\n<p>&nbsp;<\/p>\n<p>&nbsp;<\/p>\n<p>&nbsp;<\/p>\n<p>&nbsp;<\/p>\n<p>&nbsp;<\/p>\n<p>&nbsp;<\/p>\n","protected":false},"excerpt":{"rendered":"<p>\u201cO valor das coisas n\u00e3o est\u00e1 no tempo que elas duram, mas na intensidade com que acontecem. Por isso existem momentos inesquec\u00edveis, coisas inexplic\u00e1veis e pessoas incompar\u00e1veis.\u201d (Maria Julia Paes de Silva) By seb@r. Do outro lado dos fatos podem ocorrer muitos desencontros em nome disto ou daquilo, como sempre, depende do momento para uma [&hellip;]<\/p>\n","protected":false},"author":1,"featured_media":82949,"comment_status":"closed","ping_status":"open","sticky":false,"template":"","format":"standard","meta":{"footnotes":""},"categories":[175],"tags":[],"class_list":["post-82948","post","type-post","status-publish","format-standard","has-post-thumbnail","hentry","category-artigos"],"_links":{"self":[{"href":"https:\/\/jorgezanoni.com.br\/2019\/wp-json\/wp\/v2\/posts\/82948","targetHints":{"allow":["GET"]}}],"collection":[{"href":"https:\/\/jorgezanoni.com.br\/2019\/wp-json\/wp\/v2\/posts"}],"about":[{"href":"https:\/\/jorgezanoni.com.br\/2019\/wp-json\/wp\/v2\/types\/post"}],"author":[{"embeddable":true,"href":"https:\/\/jorgezanoni.com.br\/2019\/wp-json\/wp\/v2\/users\/1"}],"replies":[{"embeddable":true,"href":"https:\/\/jorgezanoni.com.br\/2019\/wp-json\/wp\/v2\/comments?post=82948"}],"version-history":[{"count":1,"href":"https:\/\/jorgezanoni.com.br\/2019\/wp-json\/wp\/v2\/posts\/82948\/revisions"}],"predecessor-version":[{"id":82950,"href":"https:\/\/jorgezanoni.com.br\/2019\/wp-json\/wp\/v2\/posts\/82948\/revisions\/82950"}],"wp:featuredmedia":[{"embeddable":true,"href":"https:\/\/jorgezanoni.com.br\/2019\/wp-json\/wp\/v2\/media\/82949"}],"wp:attachment":[{"href":"https:\/\/jorgezanoni.com.br\/2019\/wp-json\/wp\/v2\/media?parent=82948"}],"wp:term":[{"taxonomy":"category","embeddable":true,"href":"https:\/\/jorgezanoni.com.br\/2019\/wp-json\/wp\/v2\/categories?post=82948"},{"taxonomy":"post_tag","embeddable":true,"href":"https:\/\/jorgezanoni.com.br\/2019\/wp-json\/wp\/v2\/tags?post=82948"}],"curies":[{"name":"wp","href":"https:\/\/api.w.org\/{rel}","templated":true}]}}