{"id":82932,"date":"2023-12-06T15:31:39","date_gmt":"2023-12-06T15:31:39","guid":{"rendered":"https:\/\/jorgezanoni.com.br\/2019\/?p=82932"},"modified":"2023-12-06T15:31:39","modified_gmt":"2023-12-06T15:31:39","slug":"prof-francisco-torturello-e-dr-joao-cipriano-sao-nomeados-cidadaos-honorarios-de-dracena","status":"publish","type":"post","link":"https:\/\/jorgezanoni.com.br\/2019\/prof-francisco-torturello-e-dr-joao-cipriano-sao-nomeados-cidadaos-honorarios-de-dracena\/","title":{"rendered":"Prof. Francisco Torturello e Dr. Jo\u00e3o Cipriano s\u00e3o nomeados cidad\u00e3os honor\u00e1rios de Dracena"},"content":{"rendered":"<p><em><strong>T\u00edtulos foram entregues durante sess\u00e3o solene pelo anivers\u00e1rio de Dracena<\/strong>.<\/em><\/p>\n<p style=\"text-align: justify;\">A C\u00e2mara Municipal de Dracena realizou nesta segunda-feira, 4, sess\u00e3o solene em homenagem aos 78 anos de Dracena, comemorado no dia 8 de dezembro.<\/p>\n<p style=\"text-align: justify;\">Para marcar a data, a vereadora Dulcin\u00e9a Guastaldi foi a oradora da sess\u00e3o e em seu discurso fez um paralelo dos dias atuais com o Hino a Dracena.<\/p>\n<p style=\"text-align: justify;\">Ap\u00f3s o discurso, foram entregues os T\u00edtulos de Cidad\u00e3o Honor\u00e1rio de Dracena ao professor Francisco Torturello e ao Dr. Jo\u00e3o Cipriano Lemos da Silva, em reconhecimento aos relevantes servi\u00e7os prestados \u00e0 comunidade dracenense.<\/p>\n<p style=\"text-align: justify;\">Para compor a Mesa Principal, o presidente da C\u00e2mara, Danilo Ledo, convidou os homenageados e suas esposas, e tamb\u00e9m o prefeito Andr\u00e9 Lemos e a primeira dama Bianca Kozan Lemos, al\u00e9m de autoridades civis e militares presentes.<\/p>\n<p style=\"text-align: justify;\">Para abrilhantar ainda mais a sess\u00e3o, houve a apresenta\u00e7\u00e3o musical da musicista Magali Pavim e do Coral Melhor Idade do Centro de Conviv\u00eancia do Idoso de Dracena, regido pela primeira dama, Sra. Bianca Kozan Lemos.<\/p>\n<p style=\"text-align: justify;\">As homenagens foram aprovadas atrav\u00e9s dos projetos de decreto legislativo n.\u00ba 03\/23, de iniciativa vereador Claudinei Millan, e de n.\u00ba 05\/23, de iniciativa do vereador Rodrigo Castilho, respectivamente.<\/p>\n<p style=\"text-align: justify;\"><strong>Prof. Francisco Torturello<\/strong><\/p>\n<p style=\"text-align: justify;\">Natural de Luc\u00e9lia; Formado Filosofia Ci\u00eancias e Letras e em pedagogia, pela Unoeste. Atuou no ensino b\u00e1sico por 31 anos e, entre seus trabalhos desenvolvidos mais recentemente, est\u00e3o a coordena\u00e7\u00e3o do Projeto Pontal 2030, da Secretaria Estadual de Desenvolvimento Regional do Estado de S\u00e3o Paulo, desenvolvido pelo Escrit\u00f3rio de Desenvolvimento Regional &#8211; 10\u00aa Regi\u00e3o Administrativa de Presidente Prudente e ainda, respons\u00e1vel pelo Escrit\u00f3rio da Secretaria naquela cidade, at\u00e9 agosto deste ano.<\/p>\n<p style=\"text-align: justify;\"><strong>Dr. Jo\u00e3o Cipriano Lemos da Silva<\/strong><\/p>\n<p style=\"text-align: justify;\">Natural de Mira\u00ed, cidade do Estado de Minas Gerais, chegou ainda na sua juventude em Dracena. Teve atua\u00e7\u00e3o fundamental na reorganiza\u00e7\u00e3o e espelhado o modelo exitoso da Santa Casa de Dracena como Provedor e foi um dos fundadores da Pousada Bom Samaritano.<\/p>\n<p><img loading=\"lazy\" decoding=\"async\" class=\"alignnone size-full wp-image-82933\" src=\"https:\/\/jorgezanoni.com.br\/2019\/wp-content\/uploads\/2023\/12\/h-Pequeno.jpg\" alt=\"\" width=\"720\" height=\"480\" srcset=\"https:\/\/jorgezanoni.com.br\/2019\/wp-content\/uploads\/2023\/12\/h-Pequeno.jpg 720w, https:\/\/jorgezanoni.com.br\/2019\/wp-content\/uploads\/2023\/12\/h-Pequeno-300x200.jpg 300w, https:\/\/jorgezanoni.com.br\/2019\/wp-content\/uploads\/2023\/12\/h-Pequeno-696x464.jpg 696w, https:\/\/jorgezanoni.com.br\/2019\/wp-content\/uploads\/2023\/12\/h-Pequeno-630x420.jpg 630w\" sizes=\"auto, (max-width: 720px) 100vw, 720px\" \/> <img loading=\"lazy\" decoding=\"async\" class=\"alignnone size-full wp-image-82934\" src=\"https:\/\/jorgezanoni.com.br\/2019\/wp-content\/uploads\/2023\/12\/h1-Pequeno.jpg\" alt=\"\" width=\"720\" height=\"480\" srcset=\"https:\/\/jorgezanoni.com.br\/2019\/wp-content\/uploads\/2023\/12\/h1-Pequeno.jpg 720w, https:\/\/jorgezanoni.com.br\/2019\/wp-content\/uploads\/2023\/12\/h1-Pequeno-300x200.jpg 300w, https:\/\/jorgezanoni.com.br\/2019\/wp-content\/uploads\/2023\/12\/h1-Pequeno-696x464.jpg 696w, https:\/\/jorgezanoni.com.br\/2019\/wp-content\/uploads\/2023\/12\/h1-Pequeno-630x420.jpg 630w\" sizes=\"auto, (max-width: 720px) 100vw, 720px\" \/> <img loading=\"lazy\" decoding=\"async\" class=\"alignnone size-full wp-image-82935\" src=\"https:\/\/jorgezanoni.com.br\/2019\/wp-content\/uploads\/2023\/12\/h2-Pequeno.jpg\" alt=\"\" width=\"720\" height=\"480\" srcset=\"https:\/\/jorgezanoni.com.br\/2019\/wp-content\/uploads\/2023\/12\/h2-Pequeno.jpg 720w, https:\/\/jorgezanoni.com.br\/2019\/wp-content\/uploads\/2023\/12\/h2-Pequeno-300x200.jpg 300w, https:\/\/jorgezanoni.com.br\/2019\/wp-content\/uploads\/2023\/12\/h2-Pequeno-696x464.jpg 696w, https:\/\/jorgezanoni.com.br\/2019\/wp-content\/uploads\/2023\/12\/h2-Pequeno-630x420.jpg 630w\" sizes=\"auto, (max-width: 720px) 100vw, 720px\" \/> <img loading=\"lazy\" decoding=\"async\" class=\"alignnone size-full wp-image-82936\" src=\"https:\/\/jorgezanoni.com.br\/2019\/wp-content\/uploads\/2023\/12\/h3-Pequeno.jpg\" alt=\"\" width=\"720\" height=\"480\" srcset=\"https:\/\/jorgezanoni.com.br\/2019\/wp-content\/uploads\/2023\/12\/h3-Pequeno.jpg 720w, https:\/\/jorgezanoni.com.br\/2019\/wp-content\/uploads\/2023\/12\/h3-Pequeno-300x200.jpg 300w, https:\/\/jorgezanoni.com.br\/2019\/wp-content\/uploads\/2023\/12\/h3-Pequeno-696x464.jpg 696w, https:\/\/jorgezanoni.com.br\/2019\/wp-content\/uploads\/2023\/12\/h3-Pequeno-630x420.jpg 630w\" sizes=\"auto, (max-width: 720px) 100vw, 720px\" \/> <img loading=\"lazy\" decoding=\"async\" class=\"alignnone size-full wp-image-82937\" src=\"https:\/\/jorgezanoni.com.br\/2019\/wp-content\/uploads\/2023\/12\/h4-Pequeno.jpg\" alt=\"\" width=\"720\" height=\"480\" srcset=\"https:\/\/jorgezanoni.com.br\/2019\/wp-content\/uploads\/2023\/12\/h4-Pequeno.jpg 720w, https:\/\/jorgezanoni.com.br\/2019\/wp-content\/uploads\/2023\/12\/h4-Pequeno-300x200.jpg 300w, https:\/\/jorgezanoni.com.br\/2019\/wp-content\/uploads\/2023\/12\/h4-Pequeno-696x464.jpg 696w, https:\/\/jorgezanoni.com.br\/2019\/wp-content\/uploads\/2023\/12\/h4-Pequeno-630x420.jpg 630w\" sizes=\"auto, (max-width: 720px) 100vw, 720px\" \/> <img loading=\"lazy\" decoding=\"async\" class=\"alignnone size-full wp-image-82938\" src=\"https:\/\/jorgezanoni.com.br\/2019\/wp-content\/uploads\/2023\/12\/h5-Pequeno.jpg\" alt=\"\" width=\"720\" height=\"480\" srcset=\"https:\/\/jorgezanoni.com.br\/2019\/wp-content\/uploads\/2023\/12\/h5-Pequeno.jpg 720w, https:\/\/jorgezanoni.com.br\/2019\/wp-content\/uploads\/2023\/12\/h5-Pequeno-300x200.jpg 300w, https:\/\/jorgezanoni.com.br\/2019\/wp-content\/uploads\/2023\/12\/h5-Pequeno-696x464.jpg 696w, https:\/\/jorgezanoni.com.br\/2019\/wp-content\/uploads\/2023\/12\/h5-Pequeno-630x420.jpg 630w\" sizes=\"auto, (max-width: 720px) 100vw, 720px\" \/> <img loading=\"lazy\" decoding=\"async\" class=\"alignnone size-full wp-image-82939\" src=\"https:\/\/jorgezanoni.com.br\/2019\/wp-content\/uploads\/2023\/12\/h6-Pequeno.jpg\" alt=\"\" width=\"720\" height=\"480\" srcset=\"https:\/\/jorgezanoni.com.br\/2019\/wp-content\/uploads\/2023\/12\/h6-Pequeno.jpg 720w, https:\/\/jorgezanoni.com.br\/2019\/wp-content\/uploads\/2023\/12\/h6-Pequeno-300x200.jpg 300w, https:\/\/jorgezanoni.com.br\/2019\/wp-content\/uploads\/2023\/12\/h6-Pequeno-696x464.jpg 696w, https:\/\/jorgezanoni.com.br\/2019\/wp-content\/uploads\/2023\/12\/h6-Pequeno-630x420.jpg 630w\" sizes=\"auto, (max-width: 720px) 100vw, 720px\" \/> <img loading=\"lazy\" decoding=\"async\" class=\"alignnone size-full wp-image-82940\" src=\"https:\/\/jorgezanoni.com.br\/2019\/wp-content\/uploads\/2023\/12\/h7-Pequeno.jpg\" alt=\"\" width=\"720\" height=\"480\" srcset=\"https:\/\/jorgezanoni.com.br\/2019\/wp-content\/uploads\/2023\/12\/h7-Pequeno.jpg 720w, https:\/\/jorgezanoni.com.br\/2019\/wp-content\/uploads\/2023\/12\/h7-Pequeno-300x200.jpg 300w, https:\/\/jorgezanoni.com.br\/2019\/wp-content\/uploads\/2023\/12\/h7-Pequeno-696x464.jpg 696w, https:\/\/jorgezanoni.com.br\/2019\/wp-content\/uploads\/2023\/12\/h7-Pequeno-630x420.jpg 630w\" sizes=\"auto, (max-width: 720px) 100vw, 720px\" \/> <img loading=\"lazy\" decoding=\"async\" class=\"alignnone size-full wp-image-82941\" src=\"https:\/\/jorgezanoni.com.br\/2019\/wp-content\/uploads\/2023\/12\/h8-Pequeno.jpg\" alt=\"\" width=\"720\" height=\"480\" srcset=\"https:\/\/jorgezanoni.com.br\/2019\/wp-content\/uploads\/2023\/12\/h8-Pequeno.jpg 720w, https:\/\/jorgezanoni.com.br\/2019\/wp-content\/uploads\/2023\/12\/h8-Pequeno-300x200.jpg 300w, https:\/\/jorgezanoni.com.br\/2019\/wp-content\/uploads\/2023\/12\/h8-Pequeno-696x464.jpg 696w, https:\/\/jorgezanoni.com.br\/2019\/wp-content\/uploads\/2023\/12\/h8-Pequeno-630x420.jpg 630w\" sizes=\"auto, (max-width: 720px) 100vw, 720px\" \/> <img loading=\"lazy\" decoding=\"async\" class=\"alignnone size-full wp-image-82942\" src=\"https:\/\/jorgezanoni.com.br\/2019\/wp-content\/uploads\/2023\/12\/h9-Pequeno.jpg\" alt=\"\" width=\"720\" height=\"480\" srcset=\"https:\/\/jorgezanoni.com.br\/2019\/wp-content\/uploads\/2023\/12\/h9-Pequeno.jpg 720w, https:\/\/jorgezanoni.com.br\/2019\/wp-content\/uploads\/2023\/12\/h9-Pequeno-300x200.jpg 300w, https:\/\/jorgezanoni.com.br\/2019\/wp-content\/uploads\/2023\/12\/h9-Pequeno-696x464.jpg 696w, https:\/\/jorgezanoni.com.br\/2019\/wp-content\/uploads\/2023\/12\/h9-Pequeno-630x420.jpg 630w\" sizes=\"auto, (max-width: 720px) 100vw, 720px\" \/><\/p>\n<p>Fonte: Assessoria de Imprensa<\/p>\n","protected":false},"excerpt":{"rendered":"<p>T\u00edtulos foram entregues durante sess\u00e3o solene pelo anivers\u00e1rio de Dracena. A C\u00e2mara Municipal de Dracena realizou nesta segunda-feira, 4, sess\u00e3o solene em homenagem aos 78 anos de Dracena, comemorado no dia 8 de dezembro. Para marcar a data, a vereadora Dulcin\u00e9a Guastaldi foi a oradora da sess\u00e3o e em seu discurso fez um paralelo dos [&hellip;]<\/p>\n","protected":false},"author":1,"featured_media":82937,"comment_status":"closed","ping_status":"open","sticky":false,"template":"","format":"standard","meta":{"footnotes":""},"categories":[110,116],"tags":[],"class_list":["post-82932","post","type-post","status-publish","format-standard","has-post-thumbnail","hentry","category-noticiasdestaque","category-politicaeeconomia"],"_links":{"self":[{"href":"https:\/\/jorgezanoni.com.br\/2019\/wp-json\/wp\/v2\/posts\/82932","targetHints":{"allow":["GET"]}}],"collection":[{"href":"https:\/\/jorgezanoni.com.br\/2019\/wp-json\/wp\/v2\/posts"}],"about":[{"href":"https:\/\/jorgezanoni.com.br\/2019\/wp-json\/wp\/v2\/types\/post"}],"author":[{"embeddable":true,"href":"https:\/\/jorgezanoni.com.br\/2019\/wp-json\/wp\/v2\/users\/1"}],"replies":[{"embeddable":true,"href":"https:\/\/jorgezanoni.com.br\/2019\/wp-json\/wp\/v2\/comments?post=82932"}],"version-history":[{"count":1,"href":"https:\/\/jorgezanoni.com.br\/2019\/wp-json\/wp\/v2\/posts\/82932\/revisions"}],"predecessor-version":[{"id":82943,"href":"https:\/\/jorgezanoni.com.br\/2019\/wp-json\/wp\/v2\/posts\/82932\/revisions\/82943"}],"wp:featuredmedia":[{"embeddable":true,"href":"https:\/\/jorgezanoni.com.br\/2019\/wp-json\/wp\/v2\/media\/82937"}],"wp:attachment":[{"href":"https:\/\/jorgezanoni.com.br\/2019\/wp-json\/wp\/v2\/media?parent=82932"}],"wp:term":[{"taxonomy":"category","embeddable":true,"href":"https:\/\/jorgezanoni.com.br\/2019\/wp-json\/wp\/v2\/categories?post=82932"},{"taxonomy":"post_tag","embeddable":true,"href":"https:\/\/jorgezanoni.com.br\/2019\/wp-json\/wp\/v2\/tags?post=82932"}],"curies":[{"name":"wp","href":"https:\/\/api.w.org\/{rel}","templated":true}]}}