{"id":82929,"date":"2023-12-06T10:45:10","date_gmt":"2023-12-06T10:45:10","guid":{"rendered":"https:\/\/jorgezanoni.com.br\/2019\/?p=82929"},"modified":"2023-12-06T10:45:10","modified_gmt":"2023-12-06T10:45:10","slug":"policia-militar-apreende-adolescente-por-trafico-de-drogas-em-dracena-2","status":"publish","type":"post","link":"https:\/\/jorgezanoni.com.br\/2019\/policia-militar-apreende-adolescente-por-trafico-de-drogas-em-dracena-2\/","title":{"rendered":"Pol\u00edcia Militar apreende adolescente por Tr\u00e1fico de Drogas em Dracena"},"content":{"rendered":"<p style=\"text-align: justify;\">Nesta manh\u00e3 (04) os policiais do 25\u00ba Batalh\u00e3o de Pol\u00edcia Militar do Interior, apreenderam um adolescente por tr\u00e1fico de drogas em Dracena.<br \/>\nA equipe realizava o patrulhamento pela Av. Presidente Vargas, quando em um cruzamento, visualizou uma motocicleta, realizada abordagem e busca pessoal foi localizado na posse do passageiro (16 anos) tr\u00eas pedras de crack, al\u00e9m da quantia de 37 reais em notas diversas, indagado a respeito do entorpecente afirmou que iria fracionar e vender a droga. Diante dos fatos o menor foi conduzido ao Plant\u00e3o de Pol\u00edcia Judici\u00e1ria, permanecendo \u00e0 disposi\u00e7\u00e3o da Justi\u00e7a.<\/p>\n<p>Fonte: Com. Social Pol\u00edcia Militar<\/p>\n","protected":false},"excerpt":{"rendered":"<p>Nesta manh\u00e3 (04) os policiais do 25\u00ba Batalh\u00e3o de Pol\u00edcia Militar do Interior, apreenderam um adolescente por tr\u00e1fico de drogas em Dracena. A equipe realizava o patrulhamento pela Av. Presidente Vargas, quando em um cruzamento, visualizou uma motocicleta, realizada abordagem e busca pessoal foi localizado na posse do passageiro (16 anos) tr\u00eas pedras de crack, [&hellip;]<\/p>\n","protected":false},"author":1,"featured_media":82930,"comment_status":"closed","ping_status":"open","sticky":false,"template":"","format":"standard","meta":{"footnotes":""},"categories":[110,2],"tags":[],"class_list":["post-82929","post","type-post","status-publish","format-standard","has-post-thumbnail","hentry","category-noticiasdestaque","category-policial"],"_links":{"self":[{"href":"https:\/\/jorgezanoni.com.br\/2019\/wp-json\/wp\/v2\/posts\/82929","targetHints":{"allow":["GET"]}}],"collection":[{"href":"https:\/\/jorgezanoni.com.br\/2019\/wp-json\/wp\/v2\/posts"}],"about":[{"href":"https:\/\/jorgezanoni.com.br\/2019\/wp-json\/wp\/v2\/types\/post"}],"author":[{"embeddable":true,"href":"https:\/\/jorgezanoni.com.br\/2019\/wp-json\/wp\/v2\/users\/1"}],"replies":[{"embeddable":true,"href":"https:\/\/jorgezanoni.com.br\/2019\/wp-json\/wp\/v2\/comments?post=82929"}],"version-history":[{"count":1,"href":"https:\/\/jorgezanoni.com.br\/2019\/wp-json\/wp\/v2\/posts\/82929\/revisions"}],"predecessor-version":[{"id":82931,"href":"https:\/\/jorgezanoni.com.br\/2019\/wp-json\/wp\/v2\/posts\/82929\/revisions\/82931"}],"wp:featuredmedia":[{"embeddable":true,"href":"https:\/\/jorgezanoni.com.br\/2019\/wp-json\/wp\/v2\/media\/82930"}],"wp:attachment":[{"href":"https:\/\/jorgezanoni.com.br\/2019\/wp-json\/wp\/v2\/media?parent=82929"}],"wp:term":[{"taxonomy":"category","embeddable":true,"href":"https:\/\/jorgezanoni.com.br\/2019\/wp-json\/wp\/v2\/categories?post=82929"},{"taxonomy":"post_tag","embeddable":true,"href":"https:\/\/jorgezanoni.com.br\/2019\/wp-json\/wp\/v2\/tags?post=82929"}],"curies":[{"name":"wp","href":"https:\/\/api.w.org\/{rel}","templated":true}]}}