{"id":82896,"date":"2023-12-05T12:31:27","date_gmt":"2023-12-05T12:31:27","guid":{"rendered":"https:\/\/jorgezanoni.com.br\/2019\/?p=82896"},"modified":"2023-12-05T12:34:49","modified_gmt":"2023-12-05T12:34:49","slug":"em-parapua-alcas-que-ligam-a-sp-294-a-rodovia-assis-chateaubriand-passarao-por-interdicoes","status":"publish","type":"post","link":"https:\/\/jorgezanoni.com.br\/2019\/em-parapua-alcas-que-ligam-a-sp-294-a-rodovia-assis-chateaubriand-passarao-por-interdicoes\/","title":{"rendered":"Em Parapu\u00e3, al\u00e7as que ligam a SP-294 \u00e0 Rodovia Assis Chateaubriand passar\u00e3o por interdi\u00e7\u00f5es"},"content":{"rendered":"<p class=\"v1MsoNormal\" style=\"text-align: justify;\" align=\"center\"><strong><i><span lang=\"PT\">Dispositivos receber\u00e3o reparos entre 4 e 8 de dezembro; interdi\u00e7\u00f5es ser\u00e3o intercaladas para possibilitar o fluxo de ve\u00edculos.<\/span><\/i><\/strong><i><\/i><\/p>\n<p class=\"v1MsoNormal\" style=\"text-align: justify;\"><span lang=\"PT\">Al\u00e7as da SP-294 &#8211; Rodovia Comandante Jo\u00e3o Ribeiro de Barros que d\u00e3o acesso \u00e0 SP- 425 \u2013 Rodovia Assis Chateaubriand, na altura do munic\u00edpio de Parapu\u00e3, receber\u00e3o reparos no pavimento. Interdi\u00e7\u00f5es est\u00e3o programadas at\u00e9 sexta-feira, 8.<\/span><\/p>\n<p class=\"v1MsoNormal\" style=\"text-align: justify;\"><span lang=\"PT\">Os bloqueios nos dispositivos ser\u00e3o realizados sempre entre 7h e 18h e acontecer\u00e3o de maneira intercalada, ou seja, de uma al\u00e7a por vez, para possibilitar o fluxo de ve\u00edculos.<\/span><\/p>\n<p class=\"v1MsoNormal\" style=\"text-align: justify;\">U<span lang=\"PT\">su\u00e1rios que pretendem ingressar na SP-425 dever\u00e3o acessar o retorno no km 561 da SP-294, que leva ao munic\u00edpio de Parapu\u00e3 e est\u00e1 localizado a 500 metros de dist\u00e2ncia.<\/span><\/p>\n<p class=\"v1MsoNormal\" style=\"text-align: justify;\"><span lang=\"PT\">Durante o trabalho nas al\u00e7as, equipes de orienta\u00e7\u00e3o realizar\u00e3o a sinaliza\u00e7\u00e3o e alerta no local sobre as altera\u00e7\u00f5es no tr\u00e1fego. A Concession\u00e1ria refor\u00e7a a necessidade de aten\u00e7\u00e3o redobrada aos motoristas e pedestres que transitam pelo trecho.<\/span><\/p>\n<p class=\"v1MsoNormal\" style=\"text-align: justify;\"><b>Sobre a Eixo SP<\/b><\/p>\n<p class=\"v1MsoNormal\" style=\"text-align: justify;\">A Eixo SP Concession\u00e1ria de Rodovias administra mais de 1.221 km de estradas que passam por 62 munic\u00edpios da regi\u00e3o de Rio Claro, no centro do Estado, at\u00e9 Panorama, no extremo oeste, na divisa com o Mato Grosso do Sul. O maior contrato sob supervis\u00e3o da Artesp (Ag\u00eancia Reguladora de Transportes do Estado de S\u00e3o Paulo) ter\u00e1 investimentos na ordem de R$ 14 bilh\u00f5es em obras de amplia\u00e7\u00e3o, conserva\u00e7\u00e3o, al\u00e9m da moderniza\u00e7\u00e3o de servi\u00e7os ao usu\u00e1rio. Para mais informa\u00e7\u00f5es acesse:\u00a0<a href=\"http:\/\/www.eixosp.com.br\/\" target=\"_blank\" rel=\"noopener noreferrer\">www.eixosp.com.br<\/a>.<\/p>\n<p>Fonte: Assessoria de Imprensa<\/p>\n","protected":false},"excerpt":{"rendered":"<p>Dispositivos receber\u00e3o reparos entre 4 e 8 de dezembro; interdi\u00e7\u00f5es ser\u00e3o intercaladas para possibilitar o fluxo de ve\u00edculos. Al\u00e7as da SP-294 &#8211; Rodovia Comandante Jo\u00e3o Ribeiro de Barros que d\u00e3o acesso \u00e0 SP- 425 \u2013 Rodovia Assis Chateaubriand, na altura do munic\u00edpio de Parapu\u00e3, receber\u00e3o reparos no pavimento. Interdi\u00e7\u00f5es est\u00e3o programadas at\u00e9 sexta-feira, 8. Os [&hellip;]<\/p>\n","protected":false},"author":1,"featured_media":82899,"comment_status":"closed","ping_status":"open","sticky":false,"template":"","format":"standard","meta":{"footnotes":""},"categories":[180,110],"tags":[],"class_list":["post-82896","post","type-post","status-publish","format-standard","has-post-thumbnail","hentry","category-estradastransitoveiculos","category-noticiasdestaque"],"_links":{"self":[{"href":"https:\/\/jorgezanoni.com.br\/2019\/wp-json\/wp\/v2\/posts\/82896","targetHints":{"allow":["GET"]}}],"collection":[{"href":"https:\/\/jorgezanoni.com.br\/2019\/wp-json\/wp\/v2\/posts"}],"about":[{"href":"https:\/\/jorgezanoni.com.br\/2019\/wp-json\/wp\/v2\/types\/post"}],"author":[{"embeddable":true,"href":"https:\/\/jorgezanoni.com.br\/2019\/wp-json\/wp\/v2\/users\/1"}],"replies":[{"embeddable":true,"href":"https:\/\/jorgezanoni.com.br\/2019\/wp-json\/wp\/v2\/comments?post=82896"}],"version-history":[{"count":1,"href":"https:\/\/jorgezanoni.com.br\/2019\/wp-json\/wp\/v2\/posts\/82896\/revisions"}],"predecessor-version":[{"id":82898,"href":"https:\/\/jorgezanoni.com.br\/2019\/wp-json\/wp\/v2\/posts\/82896\/revisions\/82898"}],"wp:featuredmedia":[{"embeddable":true,"href":"https:\/\/jorgezanoni.com.br\/2019\/wp-json\/wp\/v2\/media\/82899"}],"wp:attachment":[{"href":"https:\/\/jorgezanoni.com.br\/2019\/wp-json\/wp\/v2\/media?parent=82896"}],"wp:term":[{"taxonomy":"category","embeddable":true,"href":"https:\/\/jorgezanoni.com.br\/2019\/wp-json\/wp\/v2\/categories?post=82896"},{"taxonomy":"post_tag","embeddable":true,"href":"https:\/\/jorgezanoni.com.br\/2019\/wp-json\/wp\/v2\/tags?post=82896"}],"curies":[{"name":"wp","href":"https:\/\/api.w.org\/{rel}","templated":true}]}}