{"id":82832,"date":"2023-12-03T22:27:43","date_gmt":"2023-12-03T22:27:43","guid":{"rendered":"https:\/\/jorgezanoni.com.br\/2019\/?p=82832"},"modified":"2023-12-03T22:28:41","modified_gmt":"2023-12-03T22:28:41","slug":"menores-empinavam-moto-e-foram-flagrados-pela-policia-militar","status":"publish","type":"post","link":"https:\/\/jorgezanoni.com.br\/2019\/menores-empinavam-moto-e-foram-flagrados-pela-policia-militar\/","title":{"rendered":"Menores empinavam moto e foram flagrados pela Pol\u00edcia Militar"},"content":{"rendered":"<p style=\"text-align: justify;\"><strong>Fato foi registrado por volta de 12 H na esquina da Avenida Rui Barbosa com Rua Irradia\u00e7\u00e3o na Vila Barros em Dracena.<\/strong><\/p>\n<p style=\"text-align: justify;\">Segundo informa\u00e7\u00f5es obtidas pela reportagem do SITE JZ e TOP TV, dois menores estavam em uma moto e ap\u00f3s quase provocarem um acidente, cairam ao ch\u00e3o.<\/p>\n<p style=\"text-align: justify;\">A Pol\u00edcia Militar estava voltando de um outro acidente ocorrido no Conjunto Habitacional Florindo Tabacchi e acabou parando no local.<\/p>\n<p style=\"text-align: justify;\">Os menores foram socorridos ao Pronto Atendimento Municipal e a Pol\u00edcia vai averiguar em que circunst\u00e2ncias eles haviam pego a motocicleta.<\/p>\n<p><img loading=\"lazy\" decoding=\"async\" class=\"alignnone size-full wp-image-82833\" src=\"https:\/\/jorgezanoni.com.br\/2019\/wp-content\/uploads\/2023\/12\/Moto-Pequeno.jpg\" alt=\"\" width=\"480\" height=\"640\" srcset=\"https:\/\/jorgezanoni.com.br\/2019\/wp-content\/uploads\/2023\/12\/Moto-Pequeno.jpg 480w, https:\/\/jorgezanoni.com.br\/2019\/wp-content\/uploads\/2023\/12\/Moto-Pequeno-225x300.jpg 225w, https:\/\/jorgezanoni.com.br\/2019\/wp-content\/uploads\/2023\/12\/Moto-Pequeno-315x420.jpg 315w\" sizes=\"auto, (max-width: 480px) 100vw, 480px\" \/><\/p>\n<p>Jorge Zanoni<\/p>\n<p>&nbsp;<\/p>\n<p>&nbsp;<\/p>\n","protected":false},"excerpt":{"rendered":"<p>Fato foi registrado por volta de 12 H na esquina da Avenida Rui Barbosa com Rua Irradia\u00e7\u00e3o na Vila Barros em Dracena. Segundo informa\u00e7\u00f5es obtidas pela reportagem do SITE JZ e TOP TV, dois menores estavam em uma moto e ap\u00f3s quase provocarem um acidente, cairam ao ch\u00e3o. A Pol\u00edcia Militar estava voltando de um [&hellip;]<\/p>\n","protected":false},"author":1,"featured_media":82834,"comment_status":"closed","ping_status":"open","sticky":false,"template":"","format":"standard","meta":{"footnotes":""},"categories":[170,110],"tags":[],"class_list":["post-82832","post","type-post","status-publish","format-standard","has-post-thumbnail","hentry","category-acidentes","category-noticiasdestaque"],"_links":{"self":[{"href":"https:\/\/jorgezanoni.com.br\/2019\/wp-json\/wp\/v2\/posts\/82832","targetHints":{"allow":["GET"]}}],"collection":[{"href":"https:\/\/jorgezanoni.com.br\/2019\/wp-json\/wp\/v2\/posts"}],"about":[{"href":"https:\/\/jorgezanoni.com.br\/2019\/wp-json\/wp\/v2\/types\/post"}],"author":[{"embeddable":true,"href":"https:\/\/jorgezanoni.com.br\/2019\/wp-json\/wp\/v2\/users\/1"}],"replies":[{"embeddable":true,"href":"https:\/\/jorgezanoni.com.br\/2019\/wp-json\/wp\/v2\/comments?post=82832"}],"version-history":[{"count":2,"href":"https:\/\/jorgezanoni.com.br\/2019\/wp-json\/wp\/v2\/posts\/82832\/revisions"}],"predecessor-version":[{"id":82836,"href":"https:\/\/jorgezanoni.com.br\/2019\/wp-json\/wp\/v2\/posts\/82832\/revisions\/82836"}],"wp:featuredmedia":[{"embeddable":true,"href":"https:\/\/jorgezanoni.com.br\/2019\/wp-json\/wp\/v2\/media\/82834"}],"wp:attachment":[{"href":"https:\/\/jorgezanoni.com.br\/2019\/wp-json\/wp\/v2\/media?parent=82832"}],"wp:term":[{"taxonomy":"category","embeddable":true,"href":"https:\/\/jorgezanoni.com.br\/2019\/wp-json\/wp\/v2\/categories?post=82832"},{"taxonomy":"post_tag","embeddable":true,"href":"https:\/\/jorgezanoni.com.br\/2019\/wp-json\/wp\/v2\/tags?post=82832"}],"curies":[{"name":"wp","href":"https:\/\/api.w.org\/{rel}","templated":true}]}}