{"id":82819,"date":"2023-12-03T19:51:54","date_gmt":"2023-12-03T19:51:54","guid":{"rendered":"https:\/\/jorgezanoni.com.br\/2019\/?p=82819"},"modified":"2023-12-03T19:51:54","modified_gmt":"2023-12-03T19:51:54","slug":"dracenat-tempersul-unifadra-participa-de-reuniao-do-brasileiro-de-futsal","status":"publish","type":"post","link":"https:\/\/jorgezanoni.com.br\/2019\/dracenat-tempersul-unifadra-participa-de-reuniao-do-brasileiro-de-futsal\/","title":{"rendered":"Dracenat Tempersul Unifadra participa de reuni\u00e3o do Brasileiro de Futsal"},"content":{"rendered":"<p style=\"text-align: justify;\"><strong>Na tarde de quinta-feira (30\/11), o Dracena Tempersul Unifadra participou da reuni\u00e3o para apresenta\u00e7\u00e3o do Campeonato Brasileiro de Futsal, em Guarulhos.<\/strong><\/p>\n<p>Convidada pelo presidente da CBFS, Marcos Madeira, a equipe foi representada pelo diretor de comunica\u00e7\u00e3o Jo\u00e3o Paulo Benini.<\/p>\n<p>Na oportunidade, foram detalhados os atrativos e diferenciais da competi\u00e7\u00e3o.<\/p>\n<p>Al\u00e9m do Dracena, participaram do encontro times como Vasco, Botafogo, N\u00e1utico, Sport, Cruzeiro, Am\u00e9rica-MG, Clube do Remo, Sampaio Correia, Pato, Chopinzinho, Conc\u00f3rdia, entre outros.<\/p>\n<p>Com as informa\u00e7\u00f5es em m\u00e3os, o Dracena est\u00e1 conferindo a viabilidade econ\u00f4mica para a disputa da competi\u00e7\u00e3o nacional.<\/p>\n<p>&#8220;O projeto apresentado \u00e9 primoroso e mostra a for\u00e7a do futsal em todo o pa\u00eds. Estamos alinhando a parte financeira para podermos dar a palavra final sobre a participa\u00e7\u00e3o&#8221;, disse Benini.<\/p>\n<p>Fonte: Assessoria de Comunica\u00e7\u00e3o<\/p>\n","protected":false},"excerpt":{"rendered":"<p>Na tarde de quinta-feira (30\/11), o Dracena Tempersul Unifadra participou da reuni\u00e3o para apresenta\u00e7\u00e3o do Campeonato Brasileiro de Futsal, em Guarulhos. Convidada pelo presidente da CBFS, Marcos Madeira, a equipe foi representada pelo diretor de comunica\u00e7\u00e3o Jo\u00e3o Paulo Benini. Na oportunidade, foram detalhados os atrativos e diferenciais da competi\u00e7\u00e3o. Al\u00e9m do Dracena, participaram do encontro [&hellip;]<\/p>\n","protected":false},"author":1,"featured_media":82820,"comment_status":"closed","ping_status":"open","sticky":false,"template":"","format":"standard","meta":{"footnotes":""},"categories":[111,110],"tags":[],"class_list":["post-82819","post","type-post","status-publish","format-standard","has-post-thumbnail","hentry","category-esporteecultura","category-noticiasdestaque"],"_links":{"self":[{"href":"https:\/\/jorgezanoni.com.br\/2019\/wp-json\/wp\/v2\/posts\/82819","targetHints":{"allow":["GET"]}}],"collection":[{"href":"https:\/\/jorgezanoni.com.br\/2019\/wp-json\/wp\/v2\/posts"}],"about":[{"href":"https:\/\/jorgezanoni.com.br\/2019\/wp-json\/wp\/v2\/types\/post"}],"author":[{"embeddable":true,"href":"https:\/\/jorgezanoni.com.br\/2019\/wp-json\/wp\/v2\/users\/1"}],"replies":[{"embeddable":true,"href":"https:\/\/jorgezanoni.com.br\/2019\/wp-json\/wp\/v2\/comments?post=82819"}],"version-history":[{"count":1,"href":"https:\/\/jorgezanoni.com.br\/2019\/wp-json\/wp\/v2\/posts\/82819\/revisions"}],"predecessor-version":[{"id":82821,"href":"https:\/\/jorgezanoni.com.br\/2019\/wp-json\/wp\/v2\/posts\/82819\/revisions\/82821"}],"wp:featuredmedia":[{"embeddable":true,"href":"https:\/\/jorgezanoni.com.br\/2019\/wp-json\/wp\/v2\/media\/82820"}],"wp:attachment":[{"href":"https:\/\/jorgezanoni.com.br\/2019\/wp-json\/wp\/v2\/media?parent=82819"}],"wp:term":[{"taxonomy":"category","embeddable":true,"href":"https:\/\/jorgezanoni.com.br\/2019\/wp-json\/wp\/v2\/categories?post=82819"},{"taxonomy":"post_tag","embeddable":true,"href":"https:\/\/jorgezanoni.com.br\/2019\/wp-json\/wp\/v2\/tags?post=82819"}],"curies":[{"name":"wp","href":"https:\/\/api.w.org\/{rel}","templated":true}]}}