{"id":82798,"date":"2023-12-02T16:16:11","date_gmt":"2023-12-02T16:16:11","guid":{"rendered":"https:\/\/jorgezanoni.com.br\/2019\/?p=82798"},"modified":"2023-12-02T16:16:11","modified_gmt":"2023-12-02T16:16:11","slug":"sicredi-reinaugura-agencia-de-pederneiras-sp","status":"publish","type":"post","link":"https:\/\/jorgezanoni.com.br\/2019\/sicredi-reinaugura-agencia-de-pederneiras-sp\/","title":{"rendered":"Sicredi reinaugura ag\u00eancia de Pederneiras (SP)"},"content":{"rendered":"<p style=\"text-align: justify;\"><strong><em>Com estrutura modernizada, novo espa\u00e7o prop\u00f5e comodidade e conforto aos associados da Sicredi Centro Oeste Paulista.<\/em><\/strong><\/p>\n<p style=\"text-align: justify;\">Com o objetivo de proporcionar maior comodidade aos associados e colaboradores, a Sicredi Centro Oeste Paulista reinaugurou, na \u00faltima quinta-feira (30), a ag\u00eancia do munic\u00edpio de Pederneiras (SP) em um novo pr\u00e9dio na rua Coronel Coimbra, n\u00ba N-129, Centro.<\/p>\n<p style=\"text-align: justify;\">O espa\u00e7o foi projetado com um <em>design <\/em>moderno, que visa oferecer aos associados um atendimento ainda mais personalizado, promovendo uma experi\u00eancia colaborativa que agrega toda a comunidade. \u201cTemos o diferencial de relacionamento pr\u00f3ximo com os associados. Vamos al\u00e9m das contas e n\u00fameros, trabalhando para proporcionar o melhor atendimento e garantir o bem-estar dos nossos associados, al\u00e9m de promover o desenvolvimento econ\u00f4mico e social das regi\u00f5es onde a nossa cooperativa atua\u201d, afirma o presidente da Sicredi Centro Oeste Paulista, Dr. Jo\u00e3o Alberto Salvi.<\/p>\n<p style=\"text-align: justify;\">Com a reforma, a ag\u00eancia de mais de 800 m\u00b2 ter\u00e1 novos ambientes, como sala de reuni\u00f5es, espa\u00e7os para caf\u00e9, al\u00e9m dos tradicionais terminais de autoatendimento e atendimento confort\u00e1vel para os associados junto aos seus gerentes. \u201cQueremos oferecer a tranquilidade e conforto que nossos associados merecem, por isso essa preocupa\u00e7\u00e3o por dentro. junto a isso, temos 11 vagas de estacionamento, que trazem ainda mais comodidade\u201d, comenta Ildo Wilde, diretor executivo da Sicredi Centro Oeste Paulista.<\/p>\n<p style=\"text-align: justify;\">A cerim\u00f4nia de reinaugura\u00e7\u00e3o contou com a presen\u00e7a de dirigentes, diretores e colaboradores do Sicredi, al\u00e9m da imprensa local e autoridades municipais. Desde 2013 em Pederneiras, o Sicredi vem expandindo sua rede em todo o pa\u00eds, atendendo cada vez mais associados e comunidades, com base nos princ\u00edpios cooperativistas \u2013 o grande diferencial do modelo de neg\u00f3cio.<\/p>\n<p style=\"text-align: justify;\">\u201cQueremos oferecer sempre a melhor experi\u00eancia para o associado. Por isso, modernizar nossa estrutura \u00e9 incentivar a presen\u00e7a f\u00edsica de qualidade em nossas ag\u00eancias, aliada ao atendimento <em>on-line<\/em> e outras formas adaptadas \u00e0s demandas de cada associado\u201d, finaliza o presidente, Dr. Jo\u00e3o Salvi.<\/p>\n<p style=\"text-align: justify;\"><strong><em>Servi\u00e7o<\/em><\/strong><\/p>\n<p style=\"text-align: justify;\"><em>Sicredi<\/em><\/p>\n<p style=\"text-align: justify;\"><em>Rua Coronel Coimbra, n.\u00ba N-129<\/em><\/p>\n<p style=\"text-align: justify;\"><em>Telefone (14) 3283-8686<\/em><\/p>\n<p style=\"text-align: justify;\"><em>Segunda \u00e0 Sexta-feira, das 10h \u00e0s 15h<\/em><\/p>\n<p style=\"text-align: justify;\"><strong><em>Sobre o Sicredi<\/em><\/strong><\/p>\n<p style=\"text-align: justify;\"><em>O Sicredi \u00e9 uma institui\u00e7\u00e3o financeira cooperativa comprometida com o crescimento de seus associados e com o desenvolvimento das regi\u00f5es onde atua. Possui um modelo de gest\u00e3o que valoriza a participa\u00e7\u00e3o dos mais de 7 milh\u00f5es de associados, que exercem o papel de donos do neg\u00f3cio. Com mais de 2.500 ag\u00eancias, o Sicredi est\u00e1 presente fisicamente em todos os estados brasileiros e no Distrito Federal, disponibilizando uma gama completa de solu\u00e7\u00f5es financeiras e n\u00e3o financeiras.<\/em><em>\u00a0<\/em><\/p>\n<p><strong><em>Site do Sicredi: <\/em><\/strong><a href=\"http:\/\/www.sicredi.com.br\"><strong><em>www.sicredi.com.br<\/em><\/strong><\/a><\/p>\n<p><strong><em>Redes Sociais: <\/em><\/strong><a href=\"http:\/\/www.facebook.com\/sicredicentrooestepaulista\"><strong><em>Facebook<\/em><\/strong><\/a><em> |<\/em> <a href=\"https:\/\/www.linkedin.com\/company\/sicredi-centro-oeste-paulista\/\"><strong><em>LinkedIn<\/em><\/strong><\/a><em> |<\/em> <a href=\"http:\/\/www.youtube.com\/sicredicentrooestepaulista\"><strong><em>YouTube<\/em><\/strong><\/a> <em>| <\/em><a href=\"http:\/\/www.instagram.com\/sicredicentrooestepaulista\"><strong><em>Instagram<\/em><\/strong><\/a><\/p>\n<p><img loading=\"lazy\" decoding=\"async\" class=\"alignnone size-full wp-image-82799\" src=\"https:\/\/jorgezanoni.com.br\/2019\/wp-content\/uploads\/2023\/12\/peder-Pequeno.jpg\" alt=\"\" width=\"720\" height=\"480\" srcset=\"https:\/\/jorgezanoni.com.br\/2019\/wp-content\/uploads\/2023\/12\/peder-Pequeno.jpg 720w, https:\/\/jorgezanoni.com.br\/2019\/wp-content\/uploads\/2023\/12\/peder-Pequeno-300x200.jpg 300w, https:\/\/jorgezanoni.com.br\/2019\/wp-content\/uploads\/2023\/12\/peder-Pequeno-696x464.jpg 696w, https:\/\/jorgezanoni.com.br\/2019\/wp-content\/uploads\/2023\/12\/peder-Pequeno-630x420.jpg 630w\" sizes=\"auto, (max-width: 720px) 100vw, 720px\" \/> <img loading=\"lazy\" decoding=\"async\" class=\"alignnone size-full wp-image-82800\" src=\"https:\/\/jorgezanoni.com.br\/2019\/wp-content\/uploads\/2023\/12\/Peder1-Pequeno.jpg\" alt=\"\" width=\"720\" height=\"480\" srcset=\"https:\/\/jorgezanoni.com.br\/2019\/wp-content\/uploads\/2023\/12\/Peder1-Pequeno.jpg 720w, https:\/\/jorgezanoni.com.br\/2019\/wp-content\/uploads\/2023\/12\/Peder1-Pequeno-300x200.jpg 300w, https:\/\/jorgezanoni.com.br\/2019\/wp-content\/uploads\/2023\/12\/Peder1-Pequeno-696x464.jpg 696w, https:\/\/jorgezanoni.com.br\/2019\/wp-content\/uploads\/2023\/12\/Peder1-Pequeno-630x420.jpg 630w\" sizes=\"auto, (max-width: 720px) 100vw, 720px\" \/> <img loading=\"lazy\" decoding=\"async\" class=\"alignnone size-full wp-image-82801\" src=\"https:\/\/jorgezanoni.com.br\/2019\/wp-content\/uploads\/2023\/12\/Peder2-Pequeno.jpg\" alt=\"\" width=\"720\" height=\"480\" srcset=\"https:\/\/jorgezanoni.com.br\/2019\/wp-content\/uploads\/2023\/12\/Peder2-Pequeno.jpg 720w, https:\/\/jorgezanoni.com.br\/2019\/wp-content\/uploads\/2023\/12\/Peder2-Pequeno-300x200.jpg 300w, https:\/\/jorgezanoni.com.br\/2019\/wp-content\/uploads\/2023\/12\/Peder2-Pequeno-696x464.jpg 696w, https:\/\/jorgezanoni.com.br\/2019\/wp-content\/uploads\/2023\/12\/Peder2-Pequeno-630x420.jpg 630w\" sizes=\"auto, (max-width: 720px) 100vw, 720px\" \/> <img loading=\"lazy\" decoding=\"async\" class=\"alignnone size-full wp-image-82803\" src=\"https:\/\/jorgezanoni.com.br\/2019\/wp-content\/uploads\/2023\/12\/Pederneiras-Pequeno.jpg\" alt=\"\" width=\"720\" height=\"480\" srcset=\"https:\/\/jorgezanoni.com.br\/2019\/wp-content\/uploads\/2023\/12\/Pederneiras-Pequeno.jpg 720w, https:\/\/jorgezanoni.com.br\/2019\/wp-content\/uploads\/2023\/12\/Pederneiras-Pequeno-300x200.jpg 300w, https:\/\/jorgezanoni.com.br\/2019\/wp-content\/uploads\/2023\/12\/Pederneiras-Pequeno-696x464.jpg 696w, https:\/\/jorgezanoni.com.br\/2019\/wp-content\/uploads\/2023\/12\/Pederneiras-Pequeno-630x420.jpg 630w\" sizes=\"auto, (max-width: 720px) 100vw, 720px\" \/> <img loading=\"lazy\" decoding=\"async\" class=\"alignnone size-full wp-image-82804\" src=\"https:\/\/jorgezanoni.com.br\/2019\/wp-content\/uploads\/2023\/12\/Pederneiras-Pequeno-1.jpg\" alt=\"\" width=\"720\" height=\"480\" srcset=\"https:\/\/jorgezanoni.com.br\/2019\/wp-content\/uploads\/2023\/12\/Pederneiras-Pequeno-1.jpg 720w, https:\/\/jorgezanoni.com.br\/2019\/wp-content\/uploads\/2023\/12\/Pederneiras-Pequeno-1-300x200.jpg 300w, https:\/\/jorgezanoni.com.br\/2019\/wp-content\/uploads\/2023\/12\/Pederneiras-Pequeno-1-696x464.jpg 696w, https:\/\/jorgezanoni.com.br\/2019\/wp-content\/uploads\/2023\/12\/Pederneiras-Pequeno-1-630x420.jpg 630w\" sizes=\"auto, (max-width: 720px) 100vw, 720px\" \/>Fonte: Comunica\u00e7\u00e3o e Marketing<\/p>\n<p>&nbsp;<\/p>\n<p>&nbsp;<\/p>\n","protected":false},"excerpt":{"rendered":"<p>Com estrutura modernizada, novo espa\u00e7o prop\u00f5e comodidade e conforto aos associados da Sicredi Centro Oeste Paulista. Com o objetivo de proporcionar maior comodidade aos associados e colaboradores, a Sicredi Centro Oeste Paulista reinaugurou, na \u00faltima quinta-feira (30), a ag\u00eancia do munic\u00edpio de Pederneiras (SP) em um novo pr\u00e9dio na rua Coronel Coimbra, n\u00ba N-129, Centro. [&hellip;]<\/p>\n","protected":false},"author":1,"featured_media":82802,"comment_status":"closed","ping_status":"open","sticky":false,"template":"","format":"standard","meta":{"footnotes":""},"categories":[110,116],"tags":[],"class_list":["post-82798","post","type-post","status-publish","format-standard","has-post-thumbnail","hentry","category-noticiasdestaque","category-politicaeeconomia"],"_links":{"self":[{"href":"https:\/\/jorgezanoni.com.br\/2019\/wp-json\/wp\/v2\/posts\/82798","targetHints":{"allow":["GET"]}}],"collection":[{"href":"https:\/\/jorgezanoni.com.br\/2019\/wp-json\/wp\/v2\/posts"}],"about":[{"href":"https:\/\/jorgezanoni.com.br\/2019\/wp-json\/wp\/v2\/types\/post"}],"author":[{"embeddable":true,"href":"https:\/\/jorgezanoni.com.br\/2019\/wp-json\/wp\/v2\/users\/1"}],"replies":[{"embeddable":true,"href":"https:\/\/jorgezanoni.com.br\/2019\/wp-json\/wp\/v2\/comments?post=82798"}],"version-history":[{"count":1,"href":"https:\/\/jorgezanoni.com.br\/2019\/wp-json\/wp\/v2\/posts\/82798\/revisions"}],"predecessor-version":[{"id":82805,"href":"https:\/\/jorgezanoni.com.br\/2019\/wp-json\/wp\/v2\/posts\/82798\/revisions\/82805"}],"wp:featuredmedia":[{"embeddable":true,"href":"https:\/\/jorgezanoni.com.br\/2019\/wp-json\/wp\/v2\/media\/82802"}],"wp:attachment":[{"href":"https:\/\/jorgezanoni.com.br\/2019\/wp-json\/wp\/v2\/media?parent=82798"}],"wp:term":[{"taxonomy":"category","embeddable":true,"href":"https:\/\/jorgezanoni.com.br\/2019\/wp-json\/wp\/v2\/categories?post=82798"},{"taxonomy":"post_tag","embeddable":true,"href":"https:\/\/jorgezanoni.com.br\/2019\/wp-json\/wp\/v2\/tags?post=82798"}],"curies":[{"name":"wp","href":"https:\/\/api.w.org\/{rel}","templated":true}]}}