{"id":82787,"date":"2023-12-02T14:06:27","date_gmt":"2023-12-02T14:06:27","guid":{"rendered":"https:\/\/jorgezanoni.com.br\/2019\/?p=82787"},"modified":"2023-12-02T14:09:05","modified_gmt":"2023-12-02T14:09:05","slug":"policia-civil-participa-de-festa-surpresa-de-aniversario-para-menina-de-6-anos-em-dracena-e-sonha-em-seguir-essa-profissao","status":"publish","type":"post","link":"https:\/\/jorgezanoni.com.br\/2019\/policia-civil-participa-de-festa-surpresa-de-aniversario-para-menina-de-6-anos-em-dracena-e-sonha-em-seguir-essa-profissao\/","title":{"rendered":"Pol\u00edcia Civil participa de festa surpresa de Anivers\u00e1rio para menina de 6 anos em Dracena que sonha em seguir essa profiss\u00e3o"},"content":{"rendered":"<p style=\"text-align: justify;\">A Pol\u00edcia Civil, por meio do setor de Comunica\u00e7\u00e3o Social da Delegacia Seccional de Pol\u00edcia de Dracena, participou nesta sexta-feira (1\u00ba) de uma festa de anivers\u00e1rio surpresa para a crian\u00e7a Ana Julia, que comemorou seis anos de vida e sonha em ser uma policial civil. A celebra\u00e7\u00e3o ocorreu na escola municipal de educa\u00e7\u00e3o infantil em que a aniversariante estuda, contando com a presen\u00e7a dos coleguinhas de turma.<\/p>\n<p style=\"text-align: justify;\">O envolvimento da Pol\u00edcia Civil nesse evento aconteceu ap\u00f3s o contato da senhora Miriam, m\u00e3e de Ana Julia, que informou que sua filha, durante uma atividade em sala de aula, revelou \u00e0 professora o seu sonho de ser uma policial civil.<\/p>\n<p style=\"text-align: justify;\">O representante da Pol\u00edcia Civil no evento foi o Agente Policial Reginaldo Rosa, que presenteou a pequena aniversariante com uma boneca e uma camiseta infantil semelhante \u00e0 usada pelos membros da institui\u00e7\u00e3o. Ana Julia e seus colegas de sala tamb\u00e9m posaram para fotos com um banner da Pol\u00edcia Civil e ao lado de uma viatura policial.<\/p>\n<p style=\"text-align: justify;\"><img loading=\"lazy\" decoding=\"async\" class=\"alignnone size-full wp-image-82792\" src=\"https:\/\/jorgezanoni.com.br\/2019\/wp-content\/uploads\/2023\/12\/civil1-Pequeno-1.jpg\" alt=\"\" width=\"640\" height=\"480\" srcset=\"https:\/\/jorgezanoni.com.br\/2019\/wp-content\/uploads\/2023\/12\/civil1-Pequeno-1.jpg 640w, https:\/\/jorgezanoni.com.br\/2019\/wp-content\/uploads\/2023\/12\/civil1-Pequeno-1-300x225.jpg 300w, https:\/\/jorgezanoni.com.br\/2019\/wp-content\/uploads\/2023\/12\/civil1-Pequeno-1-80x60.jpg 80w, https:\/\/jorgezanoni.com.br\/2019\/wp-content\/uploads\/2023\/12\/civil1-Pequeno-1-265x198.jpg 265w, https:\/\/jorgezanoni.com.br\/2019\/wp-content\/uploads\/2023\/12\/civil1-Pequeno-1-560x420.jpg 560w\" sizes=\"auto, (max-width: 640px) 100vw, 640px\" \/> <img loading=\"lazy\" decoding=\"async\" class=\"alignnone size-full wp-image-82793\" src=\"https:\/\/jorgezanoni.com.br\/2019\/wp-content\/uploads\/2023\/12\/Civil2-Pequeno-1.jpg\" alt=\"\" width=\"480\" height=\"640\" srcset=\"https:\/\/jorgezanoni.com.br\/2019\/wp-content\/uploads\/2023\/12\/Civil2-Pequeno-1.jpg 480w, https:\/\/jorgezanoni.com.br\/2019\/wp-content\/uploads\/2023\/12\/Civil2-Pequeno-1-225x300.jpg 225w, https:\/\/jorgezanoni.com.br\/2019\/wp-content\/uploads\/2023\/12\/Civil2-Pequeno-1-315x420.jpg 315w\" sizes=\"auto, (max-width: 480px) 100vw, 480px\" \/><\/p>\n<p>Fonte: Com. Social Pol\u00edcia Civil<\/p>\n","protected":false},"excerpt":{"rendered":"<p>A Pol\u00edcia Civil, por meio do setor de Comunica\u00e7\u00e3o Social da Delegacia Seccional de Pol\u00edcia de Dracena, participou nesta sexta-feira (1\u00ba) de uma festa de anivers\u00e1rio surpresa para a crian\u00e7a Ana Julia, que comemorou seis anos de vida e sonha em ser uma policial civil. A celebra\u00e7\u00e3o ocorreu na escola municipal de educa\u00e7\u00e3o infantil em [&hellip;]<\/p>\n","protected":false},"author":1,"featured_media":82791,"comment_status":"closed","ping_status":"open","sticky":false,"template":"","format":"standard","meta":{"footnotes":""},"categories":[110,2],"tags":[],"class_list":["post-82787","post","type-post","status-publish","format-standard","has-post-thumbnail","hentry","category-noticiasdestaque","category-policial"],"_links":{"self":[{"href":"https:\/\/jorgezanoni.com.br\/2019\/wp-json\/wp\/v2\/posts\/82787","targetHints":{"allow":["GET"]}}],"collection":[{"href":"https:\/\/jorgezanoni.com.br\/2019\/wp-json\/wp\/v2\/posts"}],"about":[{"href":"https:\/\/jorgezanoni.com.br\/2019\/wp-json\/wp\/v2\/types\/post"}],"author":[{"embeddable":true,"href":"https:\/\/jorgezanoni.com.br\/2019\/wp-json\/wp\/v2\/users\/1"}],"replies":[{"embeddable":true,"href":"https:\/\/jorgezanoni.com.br\/2019\/wp-json\/wp\/v2\/comments?post=82787"}],"version-history":[{"count":2,"href":"https:\/\/jorgezanoni.com.br\/2019\/wp-json\/wp\/v2\/posts\/82787\/revisions"}],"predecessor-version":[{"id":82796,"href":"https:\/\/jorgezanoni.com.br\/2019\/wp-json\/wp\/v2\/posts\/82787\/revisions\/82796"}],"wp:featuredmedia":[{"embeddable":true,"href":"https:\/\/jorgezanoni.com.br\/2019\/wp-json\/wp\/v2\/media\/82791"}],"wp:attachment":[{"href":"https:\/\/jorgezanoni.com.br\/2019\/wp-json\/wp\/v2\/media?parent=82787"}],"wp:term":[{"taxonomy":"category","embeddable":true,"href":"https:\/\/jorgezanoni.com.br\/2019\/wp-json\/wp\/v2\/categories?post=82787"},{"taxonomy":"post_tag","embeddable":true,"href":"https:\/\/jorgezanoni.com.br\/2019\/wp-json\/wp\/v2\/tags?post=82787"}],"curies":[{"name":"wp","href":"https:\/\/api.w.org\/{rel}","templated":true}]}}