{"id":82756,"date":"2023-11-30T21:03:08","date_gmt":"2023-11-30T21:03:08","guid":{"rendered":"https:\/\/jorgezanoni.com.br\/2019\/?p=82756"},"modified":"2023-11-30T21:03:08","modified_gmt":"2023-11-30T21:03:08","slug":"ansiedade-climatica-o-que-e-e-como-lidar-com-ela-por-cidinha-pascoaloto","status":"publish","type":"post","link":"https:\/\/jorgezanoni.com.br\/2019\/ansiedade-climatica-o-que-e-e-como-lidar-com-ela-por-cidinha-pascoaloto\/","title":{"rendered":"Ansiedade clim\u00e1tica: o que \u00e9 e como lidar com ela  (por Cidinha Pascoaloto)"},"content":{"rendered":"<p style=\"text-align: justify;\">A mudan\u00e7a clim\u00e1tica \u00e9 um dos maiores desafios que a humanidade enfrenta nos \u00faltimos anos.\u00a0Alguns dos efeitos da mudan\u00e7a s\u00e3o os ventos extremos, secas, inunda\u00e7\u00f5es, furac\u00f5es, inc\u00eandios, derretimento das geleiras polares, entre outros<\/p>\n<p style=\"text-align: justify;\">Essas mudan\u00e7as provocam medos, ang\u00fastias, tristezas, culpa, raiva, impot\u00eancia e desesperan\u00e7a em rela\u00e7\u00e3o ao futuro. Todos esses sentimentos podem prejudicar o bem-estar e a sa\u00fade mental gerando um fen\u00f4meno conhecido como ansiedade clim\u00e1tica.<\/p>\n<p style=\"text-align: justify;\">Ela pode atingir pessoas de qualquer idade e impedir que ela viva plenamente o presente e o futuro. \u00a0A ansiedade clim\u00e1tica pode se manifestar de formas diferentes dependendo das experiencias vividas e da situa\u00e7\u00e3o de cada indiv\u00edduo.\u00a0 A mudan\u00e7a clim\u00e1tica \u00e9 desafiadora, mas podemos nos adaptar a ela, embora seja anormal,\u00a0 ela pode servir de est\u00edmulo para as pessoas se educarem e buscarem mais informa\u00e7\u00f5es de como agir para desenvolver um planeta mais sustent\u00e1vel que nos mostre solu\u00e7\u00f5es e oportunidades de melhorias. A\u00e7\u00f5es como economizar energia, \u00e1gua, reciclar, consumir produtos org\u00e2nicos, utilizar mais transportes p\u00fablicos, bicicletas s\u00e3o medidas valiosas. A preserva\u00e7\u00e3o das \u00e1rvores e reflorestamento em \u00e1reas permitidas s\u00e3o pr\u00e1ticas fundamentais.<\/p>\n<p style=\"text-align: justify;\">Os sintomas apresentados s\u00e3o:\u00a0 preocupa\u00e7\u00e3o excessiva com o futuro do planeta e com a humanidade, sentir raiva das autoridades que diminuem a gravidade das mudan\u00e7as clim\u00e1tica, luto por perdas, e desesperan\u00e7a diante da complexidade da mudan\u00e7a clim\u00e1tica.<\/p>\n<p style=\"text-align: justify;\">Muitas pessoas t\u00eam altera\u00e7\u00e3o do sono, do apetite, mudan\u00e7as no humor por excesso de informa\u00e7\u00f5es, al\u00e9m do medo do calor excessivo, das tempestades, fuma\u00e7a e polui\u00e7\u00e3o. \u00c9 importante ler apenas informa\u00e7\u00f5es de fontes confi\u00e1veis, tamb\u00e9m \u00e9 importante dosar a quantidade e a frequ\u00eancia de exposi\u00e7\u00e3o \u00e0s informa\u00e7\u00f5es. Nesse caso \u00e9 de extrema import\u00e2ncia que o indiv\u00edduo procure ajuda de um psic\u00f3logo para receber orienta\u00e7\u00e3o e apoio e tratamento adequado. O momento pede a\u00e7\u00e3o coletiva e individual para enfrentar os desafios ambientais, contribuindo para a constru\u00e7\u00e3o de um futuro mais sustent\u00e1vel.<\/p>\n<p style=\"text-align: justify;\"><img loading=\"lazy\" decoding=\"async\" class=\"alignnone size-full wp-image-82757\" src=\"https:\/\/jorgezanoni.com.br\/2019\/wp-content\/uploads\/2023\/11\/Cidinha-Pascoaloto-4.jpg\" alt=\"\" width=\"500\" height=\"755\" srcset=\"https:\/\/jorgezanoni.com.br\/2019\/wp-content\/uploads\/2023\/11\/Cidinha-Pascoaloto-4.jpg 500w, https:\/\/jorgezanoni.com.br\/2019\/wp-content\/uploads\/2023\/11\/Cidinha-Pascoaloto-4-199x300.jpg 199w, https:\/\/jorgezanoni.com.br\/2019\/wp-content\/uploads\/2023\/11\/Cidinha-Pascoaloto-4-278x420.jpg 278w\" sizes=\"auto, (max-width: 500px) 100vw, 500px\" \/> Cidinha Pascoaloto-Psic\u00f3loga, com foco no luto CRP 06\/158174. Presencial e online, contato: (18) 99725-6418<\/p>\n","protected":false},"excerpt":{"rendered":"<p>A mudan\u00e7a clim\u00e1tica \u00e9 um dos maiores desafios que a humanidade enfrenta nos \u00faltimos anos.\u00a0Alguns dos efeitos da mudan\u00e7a s\u00e3o os ventos extremos, secas, inunda\u00e7\u00f5es, furac\u00f5es, inc\u00eandios, derretimento das geleiras polares, entre outros Essas mudan\u00e7as provocam medos, ang\u00fastias, tristezas, culpa, raiva, impot\u00eancia e desesperan\u00e7a em rela\u00e7\u00e3o ao futuro. Todos esses sentimentos podem prejudicar o bem-estar [&hellip;]<\/p>\n","protected":false},"author":1,"featured_media":82758,"comment_status":"closed","ping_status":"open","sticky":false,"template":"","format":"standard","meta":{"footnotes":""},"categories":[175],"tags":[],"class_list":["post-82756","post","type-post","status-publish","format-standard","has-post-thumbnail","hentry","category-artigos"],"_links":{"self":[{"href":"https:\/\/jorgezanoni.com.br\/2019\/wp-json\/wp\/v2\/posts\/82756","targetHints":{"allow":["GET"]}}],"collection":[{"href":"https:\/\/jorgezanoni.com.br\/2019\/wp-json\/wp\/v2\/posts"}],"about":[{"href":"https:\/\/jorgezanoni.com.br\/2019\/wp-json\/wp\/v2\/types\/post"}],"author":[{"embeddable":true,"href":"https:\/\/jorgezanoni.com.br\/2019\/wp-json\/wp\/v2\/users\/1"}],"replies":[{"embeddable":true,"href":"https:\/\/jorgezanoni.com.br\/2019\/wp-json\/wp\/v2\/comments?post=82756"}],"version-history":[{"count":1,"href":"https:\/\/jorgezanoni.com.br\/2019\/wp-json\/wp\/v2\/posts\/82756\/revisions"}],"predecessor-version":[{"id":82759,"href":"https:\/\/jorgezanoni.com.br\/2019\/wp-json\/wp\/v2\/posts\/82756\/revisions\/82759"}],"wp:featuredmedia":[{"embeddable":true,"href":"https:\/\/jorgezanoni.com.br\/2019\/wp-json\/wp\/v2\/media\/82758"}],"wp:attachment":[{"href":"https:\/\/jorgezanoni.com.br\/2019\/wp-json\/wp\/v2\/media?parent=82756"}],"wp:term":[{"taxonomy":"category","embeddable":true,"href":"https:\/\/jorgezanoni.com.br\/2019\/wp-json\/wp\/v2\/categories?post=82756"},{"taxonomy":"post_tag","embeddable":true,"href":"https:\/\/jorgezanoni.com.br\/2019\/wp-json\/wp\/v2\/tags?post=82756"}],"curies":[{"name":"wp","href":"https:\/\/api.w.org\/{rel}","templated":true}]}}