{"id":82721,"date":"2023-11-30T01:19:05","date_gmt":"2023-11-30T01:19:05","guid":{"rendered":"https:\/\/jorgezanoni.com.br\/2019\/?p=82721"},"modified":"2023-11-30T01:19:05","modified_gmt":"2023-11-30T01:19:05","slug":"policia-civil-captura-procurado-da-justica-condenado-por-crime-de-trafico-de-drogas-em-dracena","status":"publish","type":"post","link":"https:\/\/jorgezanoni.com.br\/2019\/policia-civil-captura-procurado-da-justica-condenado-por-crime-de-trafico-de-drogas-em-dracena\/","title":{"rendered":"Pol\u00edcia Civil captura procurado da Justi\u00e7a condenado por Crime de Tr\u00e1fico de Drogas em Dracena"},"content":{"rendered":"<p style=\"text-align: justify;\">A Pol\u00edcia Civil, por interm\u00e9dio das Unidades Especializadas &#8211; DIG\/DISE, capturou, nesta quarta-feira (29), um homem de 23 anos que possu\u00eda em seu desfavor um mandado de pris\u00e3o em senten\u00e7a definitiva por crime de tr\u00e1fico de drogas. O indiv\u00edduo foi localizado no bairro Jussara e n\u00e3o ofereceu resist\u00eancia \u00e0 ordem de pris\u00e3o.<\/p>\n<p style=\"text-align: justify;\">Agentes das Unidades Especializadas tomaram conhecimento de que havia um mandado de pris\u00e3o expedido pelo Ju\u00edzo da 3\u00aa Vara Criminal da Comarca de Dracena contra o detido e empreenderam dilig\u00eancias para localizar e capturar o suspeito. O procurado foi condenado a uma pena de 5 anos de reclus\u00e3o pela pr\u00e1tica do crime de tr\u00e1fico de drogas cometido em 2020.<\/p>\n<p style=\"text-align: justify;\">Ap\u00f3s a localiza\u00e7\u00e3o e captura do procurado, o homem foi apresentado no Plant\u00e3o da Central de Pol\u00edcia Judici\u00e1ria &#8211; CPJ para a formaliza\u00e7\u00e3o do cumprimento da pris\u00e3o. O preso aguardar\u00e1 pela audi\u00eancia de cust\u00f3dia, sendo posteriormente encaminhado a uma unidade do sistema penal, ficando \u00e0 disposi\u00e7\u00e3o da Justi\u00e7a.<\/p>\n<p>Fonte: Com. Social Pol\u00edcia Civil<\/p>\n","protected":false},"excerpt":{"rendered":"<p>A Pol\u00edcia Civil, por interm\u00e9dio das Unidades Especializadas &#8211; DIG\/DISE, capturou, nesta quarta-feira (29), um homem de 23 anos que possu\u00eda em seu desfavor um mandado de pris\u00e3o em senten\u00e7a definitiva por crime de tr\u00e1fico de drogas. O indiv\u00edduo foi localizado no bairro Jussara e n\u00e3o ofereceu resist\u00eancia \u00e0 ordem de pris\u00e3o. Agentes das Unidades [&hellip;]<\/p>\n","protected":false},"author":1,"featured_media":82722,"comment_status":"closed","ping_status":"open","sticky":false,"template":"","format":"standard","meta":{"footnotes":""},"categories":[110,2],"tags":[],"class_list":["post-82721","post","type-post","status-publish","format-standard","has-post-thumbnail","hentry","category-noticiasdestaque","category-policial"],"_links":{"self":[{"href":"https:\/\/jorgezanoni.com.br\/2019\/wp-json\/wp\/v2\/posts\/82721","targetHints":{"allow":["GET"]}}],"collection":[{"href":"https:\/\/jorgezanoni.com.br\/2019\/wp-json\/wp\/v2\/posts"}],"about":[{"href":"https:\/\/jorgezanoni.com.br\/2019\/wp-json\/wp\/v2\/types\/post"}],"author":[{"embeddable":true,"href":"https:\/\/jorgezanoni.com.br\/2019\/wp-json\/wp\/v2\/users\/1"}],"replies":[{"embeddable":true,"href":"https:\/\/jorgezanoni.com.br\/2019\/wp-json\/wp\/v2\/comments?post=82721"}],"version-history":[{"count":1,"href":"https:\/\/jorgezanoni.com.br\/2019\/wp-json\/wp\/v2\/posts\/82721\/revisions"}],"predecessor-version":[{"id":82723,"href":"https:\/\/jorgezanoni.com.br\/2019\/wp-json\/wp\/v2\/posts\/82721\/revisions\/82723"}],"wp:featuredmedia":[{"embeddable":true,"href":"https:\/\/jorgezanoni.com.br\/2019\/wp-json\/wp\/v2\/media\/82722"}],"wp:attachment":[{"href":"https:\/\/jorgezanoni.com.br\/2019\/wp-json\/wp\/v2\/media?parent=82721"}],"wp:term":[{"taxonomy":"category","embeddable":true,"href":"https:\/\/jorgezanoni.com.br\/2019\/wp-json\/wp\/v2\/categories?post=82721"},{"taxonomy":"post_tag","embeddable":true,"href":"https:\/\/jorgezanoni.com.br\/2019\/wp-json\/wp\/v2\/tags?post=82721"}],"curies":[{"name":"wp","href":"https:\/\/api.w.org\/{rel}","templated":true}]}}