{"id":82718,"date":"2023-11-30T01:13:16","date_gmt":"2023-11-30T01:13:16","guid":{"rendered":"https:\/\/jorgezanoni.com.br\/2019\/?p=82718"},"modified":"2023-11-30T01:13:16","modified_gmt":"2023-11-30T01:13:16","slug":"policia-civil-participa-de-seminario-para-implantacao-e-implementacao-do-servico-de-acolhimento-institucional-para-mulheres-vitimas-de-violencia-domestica-em-dracena","status":"publish","type":"post","link":"https:\/\/jorgezanoni.com.br\/2019\/policia-civil-participa-de-seminario-para-implantacao-e-implementacao-do-servico-de-acolhimento-institucional-para-mulheres-vitimas-de-violencia-domestica-em-dracena\/","title":{"rendered":"Pol\u00edcia Civil participa de Semin\u00e1rio para implanta\u00e7\u00e3o e implementa\u00e7\u00e3o do servi\u00e7o de acolhimento institucional para mulheres v\u00edtimas de Viol\u00eancia Dom\u00e9stica em Dracena"},"content":{"rendered":"<p style=\"text-align: justify;\">A Pol\u00edcia Civil, por interm\u00e9dio da Delegacia de Defesa da Mulher &#8211; DDM, participou, nesta quarta-feira (29), de um evento promovido pela Prefeitura Municipal de Dracena para discutir e implementar o fluxo de atendimento no servi\u00e7o de acolhimento institucional para mulheres v\u00edtimas de viol\u00eancia dom\u00e9stica no munic\u00edpio, em parceria com o Estado de S\u00e3o Paulo.<\/p>\n<p style=\"text-align: justify;\">Durante o evento, a T\u00e9cnica da Prote\u00e7\u00e3o Social Especial do Estado, respons\u00e1vel estadual por orienta\u00e7\u00f5es t\u00e9cnicas para o abrigamento de mulheres, Marcela Purini Bel\u00e9m, apresentou diretrizes para o acolhimento dessas mulheres. Na oportunidade, a Dra. Luciana Nunes Falc\u00e3o Mendes, delegada titular da Delegacia de Defesa da Mulher de Dracena\/SP, tamb\u00e9m abordou as diversas formas de viol\u00eancia dom\u00e9stica, com destaque para a viol\u00eancia psicol\u00f3gica, a qual demanda ampla divulga\u00e7\u00e3o, esclarecendo d\u00favidas a respeito.<\/p>\n<p style=\"text-align: justify;\">Cerca de 50 profissionais de toda a rede estiveram presentes, representando o servi\u00e7o de acolhimento institucional, Casa de Passagem, DRADS, CRAS, CREAS, Conselho Tutelar, Secretaria de Sa\u00fade, Secretaria de Desenvolvimento Social, Secretaria de Educa\u00e7\u00e3o, Conselho da Mulher de Dracena e Pol\u00edcia Militar.<\/p>\n<p style=\"text-align: justify;\">Foram convidados a participar do evento o Poder Judici\u00e1rio, Poder Legislativo, Seguran\u00e7a P\u00fablica, Minist\u00e9rio P\u00fablico, Defensoria P\u00fablica do Estado e a entidade que prestar\u00e1 o servi\u00e7o de acolhimento institucional, Casa de Passagem, al\u00e9m de representantes da DRADS, CRAS, CREAS, Conselho Tutelar, Secretaria de Sa\u00fade, Secretaria de Desenvolvimento Social e Secretaria de Educa\u00e7\u00e3o.<\/p>\n<p style=\"text-align: justify;\">A Pol\u00edcia Civil informa que a Delegacia de Defesa da Mulher em Dracena agora atende em novo endere\u00e7o, na Rua Martin Afonso, 1421, Bairro S\u00e3o Francisco, em pr\u00e9dio anexo \u00e0 Central de Pol\u00edcia Judici\u00e1ria de Dracena &#8211; CPJ.<\/p>\n<p>Fonte: Com. Social Pol\u00edcia Civil<\/p>\n","protected":false},"excerpt":{"rendered":"<p>A Pol\u00edcia Civil, por interm\u00e9dio da Delegacia de Defesa da Mulher &#8211; DDM, participou, nesta quarta-feira (29), de um evento promovido pela Prefeitura Municipal de Dracena para discutir e implementar o fluxo de atendimento no servi\u00e7o de acolhimento institucional para mulheres v\u00edtimas de viol\u00eancia dom\u00e9stica no munic\u00edpio, em parceria com o Estado de S\u00e3o Paulo. [&hellip;]<\/p>\n","protected":false},"author":1,"featured_media":82719,"comment_status":"closed","ping_status":"open","sticky":false,"template":"","format":"standard","meta":{"footnotes":""},"categories":[110,2],"tags":[],"class_list":["post-82718","post","type-post","status-publish","format-standard","has-post-thumbnail","hentry","category-noticiasdestaque","category-policial"],"_links":{"self":[{"href":"https:\/\/jorgezanoni.com.br\/2019\/wp-json\/wp\/v2\/posts\/82718","targetHints":{"allow":["GET"]}}],"collection":[{"href":"https:\/\/jorgezanoni.com.br\/2019\/wp-json\/wp\/v2\/posts"}],"about":[{"href":"https:\/\/jorgezanoni.com.br\/2019\/wp-json\/wp\/v2\/types\/post"}],"author":[{"embeddable":true,"href":"https:\/\/jorgezanoni.com.br\/2019\/wp-json\/wp\/v2\/users\/1"}],"replies":[{"embeddable":true,"href":"https:\/\/jorgezanoni.com.br\/2019\/wp-json\/wp\/v2\/comments?post=82718"}],"version-history":[{"count":1,"href":"https:\/\/jorgezanoni.com.br\/2019\/wp-json\/wp\/v2\/posts\/82718\/revisions"}],"predecessor-version":[{"id":82720,"href":"https:\/\/jorgezanoni.com.br\/2019\/wp-json\/wp\/v2\/posts\/82718\/revisions\/82720"}],"wp:featuredmedia":[{"embeddable":true,"href":"https:\/\/jorgezanoni.com.br\/2019\/wp-json\/wp\/v2\/media\/82719"}],"wp:attachment":[{"href":"https:\/\/jorgezanoni.com.br\/2019\/wp-json\/wp\/v2\/media?parent=82718"}],"wp:term":[{"taxonomy":"category","embeddable":true,"href":"https:\/\/jorgezanoni.com.br\/2019\/wp-json\/wp\/v2\/categories?post=82718"},{"taxonomy":"post_tag","embeddable":true,"href":"https:\/\/jorgezanoni.com.br\/2019\/wp-json\/wp\/v2\/tags?post=82718"}],"curies":[{"name":"wp","href":"https:\/\/api.w.org\/{rel}","templated":true}]}}