{"id":82700,"date":"2023-11-29T22:43:05","date_gmt":"2023-11-29T22:43:05","guid":{"rendered":"https:\/\/jorgezanoni.com.br\/2019\/?p=82700"},"modified":"2023-11-29T22:44:34","modified_gmt":"2023-11-29T22:44:34","slug":"panteras-negras-tratamento-de-choque-para-os-eua-estados-unidos-da-america-por-sergio-barbosa","status":"publish","type":"post","link":"https:\/\/jorgezanoni.com.br\/2019\/panteras-negras-tratamento-de-choque-para-os-eua-estados-unidos-da-america-por-sergio-barbosa\/","title":{"rendered":"&#8220;PANTERAS NEGRAS: Tratamento de choque para os EUA-Estados Unidos da Am\u00e9rica&#8230; (por S\u00e9rgio Barbosa)"},"content":{"rendered":"<p style=\"text-align: justify;\"><strong>&#8220;PANTERAS NEGRAS: TRATAMENTO DE CHOQUE PARA OS EUA- ESTADOS UNIDOS DA AM\u00c9RICA&#8230;<\/strong><\/p>\n<p style=\"text-align: justify;\"><strong><em>&#8221; A vida \u00e9 uma \u00f3pera-bufa com intervalos de m\u00fasica s\u00e9ria.&#8221; (Machado de Assis)<\/em><\/strong><\/p>\n<p style=\"text-align: justify;\"><strong><em>\u201cO mundo est\u00e1 mudando. Em breve s\u00f3 existir\u00e3o conquistados e conquistadores.\u201d (<\/em><\/strong><a href=\"https:\/\/www.pensador.com\/autor\/pantera_negra\/\"><strong><em>Pantera Negra<\/em><\/strong><\/a><strong><em>)<\/em><\/strong><strong><em>\u00a0<\/em><\/strong><\/p>\n<p style=\"text-align: justify;\"><strong><em>S\u00e9rgio Barbosa (*)\u00a0 <\/em><\/strong><\/p>\n<p style=\"text-align: justify;\">Um dos temas veiculados pela m\u00eddia tupiniquim no momento, destaca diversas tem\u00e1ticas relacionadas com &#8220;as minorias&#8221; de um lado ou de outro&#8230;<\/p>\n<p style=\"text-align: justify;\">Neste cen\u00e1rio midi\u00e1tico contempor\u00e2neo, faz-se necess\u00e1rio estar em conex\u00e3o com os fatos que fizeram e ainda fazem a hist\u00f3ria acontecem nos quatro cantos do planeta terra&#8230;<\/p>\n<p style=\"text-align: justify;\">Assim, pode-ser afirmar que a denominada &#8220;s\u00e9tima arte&#8221;, ou seja, o cinema em n\u00edvel mundial por meio das produ\u00e7\u00f5es afins aos objetivos empresariais da ind\u00fastria cinematogr\u00e1fica, tamb\u00e9m, de vez em quando destoa destes objetivos mercadol\u00f3gicos&#8230;<\/p>\n<p style=\"text-align: justify;\">Por exemplo, o filme &#8220;Panteras Negras&#8221; de Mario Van Peebles, vencedor do Pr\u00eamio Leopardo de Prata no 48o. Festival de Locarno\/Sui\u00e7a, destacando as atua\u00e7\u00f5es magistrais de &#8220;Kadeem Hardison e Bokeem Woodbine&#8221;, trazem para a tela grande, um cen\u00e1rio quase que apocal\u00edptico do final dos anos 60 \u00a0na cidade de S\u00e3o Francisco, Estados Unidos da Am\u00e9rica (EUA)&#8230;<\/p>\n<p style=\"text-align: justify;\">Nesta \u00e9poca, as revoltas estavam mais do que presente na comunidade negra de Oakland por meio da repress\u00e3o e opress\u00e3o policial, bem como, o descaso das autoridades constitu\u00eddas para com as ocorr\u00eancias do contexto local&#8230;<\/p>\n<p style=\"text-align: justify;\">Neste confronto sem limites para o lado do poder contra a comunidade negra, surgem os denominados &#8220;Panteras Negras&#8221;, grupo de defesa dos Direitos Humanos que causou um choque de gest\u00e3o e alterou o jogo do poder institucionalizado em benef\u00edcio dos negros norte-americanos&#8230;<\/p>\n<p style=\"text-align: justify;\">Por\u00e9m, o FBI (Ag\u00eancia Federal de Investiga\u00e7\u00e3o) dos EUA entra neste jogo e os objetivos est\u00e3o definidos, ou seja, destruir por todos os mesmos dispon\u00edveis a for\u00e7a dos &#8220;Panteras Negras&#8221;, bem como, enfraquecendo a presen\u00e7a da comunidade negra frente a sociedade estado unidense&#8230;<\/p>\n<p style=\"text-align: justify;\">Neste confronto, utiliza-se do poder da m\u00eddia, bem como, a infiltra\u00e7\u00e3o de drogas por meio das diretrizes impostas pela repress\u00e3o institucionalizada pelo FBI em nome de um EUA racista&#8230;<\/p>\n<p style=\"text-align: justify;\">O confronto torna-se desigual e o enfraquecimento da proposta do grupo &#8220;Panteras Negras&#8221; vai se perdendo em nome da supremacia &#8220;branca&#8221; frente a comunidade negra sob o tremular das cores da &#8220;bandeira democr\u00e1tica&#8221; dos EUA&#8230;<\/p>\n<p style=\"text-align: justify;\"><strong><em>__________________________________<\/em><\/strong><\/p>\n<p style=\"text-align: justify;\"><strong><em>(*) Jornalista profissional diplomado e pesquisador da c\u00e1tedra unesco\/metodista de comunica\u00e7\u00e3o para o desenvolvimento regional.<\/em><\/strong><\/p>\n<p><strong><em>E-Mail: barbosa.sebar@gmail.com<\/em><\/strong><\/p>\n<p><em>\u00a0<\/em><\/p>\n<p>&nbsp;<\/p>\n<p>&nbsp;<\/p>\n<p>&nbsp;<\/p>\n<p>&nbsp;<\/p>\n<p>&nbsp;<\/p>\n<p>&nbsp;<\/p>\n","protected":false},"excerpt":{"rendered":"<p>&#8220;PANTERAS NEGRAS: TRATAMENTO DE CHOQUE PARA OS EUA- ESTADOS UNIDOS DA AM\u00c9RICA&#8230; &#8221; A vida \u00e9 uma \u00f3pera-bufa com intervalos de m\u00fasica s\u00e9ria.&#8221; (Machado de Assis) \u201cO mundo est\u00e1 mudando. Em breve s\u00f3 existir\u00e3o conquistados e conquistadores.\u201d (Pantera Negra)\u00a0 S\u00e9rgio Barbosa (*)\u00a0 Um dos temas veiculados pela m\u00eddia tupiniquim no momento, destaca diversas tem\u00e1ticas relacionadas [&hellip;]<\/p>\n","protected":false},"author":1,"featured_media":82702,"comment_status":"closed","ping_status":"open","sticky":false,"template":"","format":"standard","meta":{"footnotes":""},"categories":[175],"tags":[],"class_list":["post-82700","post","type-post","status-publish","format-standard","has-post-thumbnail","hentry","category-artigos"],"_links":{"self":[{"href":"https:\/\/jorgezanoni.com.br\/2019\/wp-json\/wp\/v2\/posts\/82700","targetHints":{"allow":["GET"]}}],"collection":[{"href":"https:\/\/jorgezanoni.com.br\/2019\/wp-json\/wp\/v2\/posts"}],"about":[{"href":"https:\/\/jorgezanoni.com.br\/2019\/wp-json\/wp\/v2\/types\/post"}],"author":[{"embeddable":true,"href":"https:\/\/jorgezanoni.com.br\/2019\/wp-json\/wp\/v2\/users\/1"}],"replies":[{"embeddable":true,"href":"https:\/\/jorgezanoni.com.br\/2019\/wp-json\/wp\/v2\/comments?post=82700"}],"version-history":[{"count":1,"href":"https:\/\/jorgezanoni.com.br\/2019\/wp-json\/wp\/v2\/posts\/82700\/revisions"}],"predecessor-version":[{"id":82701,"href":"https:\/\/jorgezanoni.com.br\/2019\/wp-json\/wp\/v2\/posts\/82700\/revisions\/82701"}],"wp:featuredmedia":[{"embeddable":true,"href":"https:\/\/jorgezanoni.com.br\/2019\/wp-json\/wp\/v2\/media\/82702"}],"wp:attachment":[{"href":"https:\/\/jorgezanoni.com.br\/2019\/wp-json\/wp\/v2\/media?parent=82700"}],"wp:term":[{"taxonomy":"category","embeddable":true,"href":"https:\/\/jorgezanoni.com.br\/2019\/wp-json\/wp\/v2\/categories?post=82700"},{"taxonomy":"post_tag","embeddable":true,"href":"https:\/\/jorgezanoni.com.br\/2019\/wp-json\/wp\/v2\/tags?post=82700"}],"curies":[{"name":"wp","href":"https:\/\/api.w.org\/{rel}","templated":true}]}}