{"id":82663,"date":"2023-11-27T22:27:45","date_gmt":"2023-11-27T22:27:45","guid":{"rendered":"https:\/\/jorgezanoni.com.br\/2019\/?p=82663"},"modified":"2023-11-27T22:27:45","modified_gmt":"2023-11-27T22:27:45","slug":"policia-militar-prende-casal-em-flagrante-por-furto-em-dracena","status":"publish","type":"post","link":"https:\/\/jorgezanoni.com.br\/2019\/policia-militar-prende-casal-em-flagrante-por-furto-em-dracena\/","title":{"rendered":"Pol\u00edcia Militar prende casal em flagrante por furto em Dracena"},"content":{"rendered":"<p style=\"text-align: justify;\">Na data de hoje (27) policiais militares do 25\u00ba Batalh\u00e3o de Pol\u00edcia Militar do Interior ap\u00f3s COPOM irradiar informa\u00e7\u00e3o que estaria ocorrendo furto a uma resid\u00eancia no munic\u00edpio de Dracena, sendo localizado o autor em cima do muro da resid\u00eancia e segurava uma televis\u00e3o em suas m\u00e3os, e uma mulher que estava na cal\u00e7ada, cumplice do furto, sendo ambos (22 e 27 anos) rapidamente abordados e verificado que a resid\u00eancia estava com a porta arrombada. Diante dos fatos foi dado voz de pris\u00e3o a ambos e conduzidos ao Plant\u00e3o de Pol\u00edcia Judici\u00e1ria de Dracena permanecendo presos em flagrante pelo crime de tentativa de furto qualificado artigo 155 do C\u00f3digo Penal. A tv foi devolvida ao seu propriet\u00e1rio.<\/p>\n<p>Fonte: Com. Social Pol\u00edcia Militar<\/p>\n","protected":false},"excerpt":{"rendered":"<p>Na data de hoje (27) policiais militares do 25\u00ba Batalh\u00e3o de Pol\u00edcia Militar do Interior ap\u00f3s COPOM irradiar informa\u00e7\u00e3o que estaria ocorrendo furto a uma resid\u00eancia no munic\u00edpio de Dracena, sendo localizado o autor em cima do muro da resid\u00eancia e segurava uma televis\u00e3o em suas m\u00e3os, e uma mulher que estava na cal\u00e7ada, cumplice [&hellip;]<\/p>\n","protected":false},"author":1,"featured_media":82664,"comment_status":"closed","ping_status":"open","sticky":false,"template":"","format":"standard","meta":{"footnotes":""},"categories":[110,2],"tags":[],"class_list":["post-82663","post","type-post","status-publish","format-standard","has-post-thumbnail","hentry","category-noticiasdestaque","category-policial"],"_links":{"self":[{"href":"https:\/\/jorgezanoni.com.br\/2019\/wp-json\/wp\/v2\/posts\/82663","targetHints":{"allow":["GET"]}}],"collection":[{"href":"https:\/\/jorgezanoni.com.br\/2019\/wp-json\/wp\/v2\/posts"}],"about":[{"href":"https:\/\/jorgezanoni.com.br\/2019\/wp-json\/wp\/v2\/types\/post"}],"author":[{"embeddable":true,"href":"https:\/\/jorgezanoni.com.br\/2019\/wp-json\/wp\/v2\/users\/1"}],"replies":[{"embeddable":true,"href":"https:\/\/jorgezanoni.com.br\/2019\/wp-json\/wp\/v2\/comments?post=82663"}],"version-history":[{"count":1,"href":"https:\/\/jorgezanoni.com.br\/2019\/wp-json\/wp\/v2\/posts\/82663\/revisions"}],"predecessor-version":[{"id":82665,"href":"https:\/\/jorgezanoni.com.br\/2019\/wp-json\/wp\/v2\/posts\/82663\/revisions\/82665"}],"wp:featuredmedia":[{"embeddable":true,"href":"https:\/\/jorgezanoni.com.br\/2019\/wp-json\/wp\/v2\/media\/82664"}],"wp:attachment":[{"href":"https:\/\/jorgezanoni.com.br\/2019\/wp-json\/wp\/v2\/media?parent=82663"}],"wp:term":[{"taxonomy":"category","embeddable":true,"href":"https:\/\/jorgezanoni.com.br\/2019\/wp-json\/wp\/v2\/categories?post=82663"},{"taxonomy":"post_tag","embeddable":true,"href":"https:\/\/jorgezanoni.com.br\/2019\/wp-json\/wp\/v2\/tags?post=82663"}],"curies":[{"name":"wp","href":"https:\/\/api.w.org\/{rel}","templated":true}]}}