{"id":82524,"date":"2023-11-26T17:42:18","date_gmt":"2023-11-26T17:42:18","guid":{"rendered":"https:\/\/jorgezanoni.com.br\/2019\/?p=82524"},"modified":"2023-11-26T17:42:18","modified_gmt":"2023-11-26T17:42:18","slug":"policia-militar-prende-homem-por-trafico-de-drogas-em-ouro-verde-3","status":"publish","type":"post","link":"https:\/\/jorgezanoni.com.br\/2019\/policia-militar-prende-homem-por-trafico-de-drogas-em-ouro-verde-3\/","title":{"rendered":"Pol\u00edcia Militar prende homem por Tr\u00e1fico de Drogas em Ouro Verde"},"content":{"rendered":"<p style=\"text-align: justify;\">Na data de ontem (25) policiais militares do 25\u00b0 Batalh\u00e3o de Pol\u00edcia Militar do Interior durante patrulhamento de For\u00e7a T\u00e1tica pelo munic\u00edpio de Ouro Verde, visualizaram um ve\u00edculo uno de cor azul ocupado por dois indiv\u00edduos sendo um deles reconhecido por ser alvo de v\u00e1rias denuncias relacionadas ao tr\u00e1fico de drogas.<br \/>\nFoi realizada a abordagem ao ve\u00edculo, em busca pessoal aos indiv\u00edduo foi localizada uma por\u00e7\u00e3o de coca\u00edna em posse do condutor do ve\u00edculo e tr\u00eas por\u00e7\u00f5es de coca\u00edna em posse do passageiro, que declarou de imediato ter adquirido a droga em Dracena para fins de tr\u00e1fico no munic\u00edpio de Ouro Verde e que a droga localizada com o condutor do ve\u00edculo, foi o pagamento por ter-lo levado a Dracena para a aquisi\u00e7\u00e3o das drogas.<br \/>\nDiante dos fatos foram conduzidas ao Plant\u00e3o Policial de Dracena, sendo o condutor ouvido e liberado e o passageiro autuado em flagrante pelo crime de tr\u00e1fico de drogas.<\/p>\n<p>Fonte: Com. Social Pol\u00edcia Militar<\/p>\n","protected":false},"excerpt":{"rendered":"<p>Na data de ontem (25) policiais militares do 25\u00b0 Batalh\u00e3o de Pol\u00edcia Militar do Interior durante patrulhamento de For\u00e7a T\u00e1tica pelo munic\u00edpio de Ouro Verde, visualizaram um ve\u00edculo uno de cor azul ocupado por dois indiv\u00edduos sendo um deles reconhecido por ser alvo de v\u00e1rias denuncias relacionadas ao tr\u00e1fico de drogas. Foi realizada a abordagem [&hellip;]<\/p>\n","protected":false},"author":1,"featured_media":82525,"comment_status":"closed","ping_status":"open","sticky":false,"template":"","format":"standard","meta":{"footnotes":""},"categories":[110,2],"tags":[],"class_list":["post-82524","post","type-post","status-publish","format-standard","has-post-thumbnail","hentry","category-noticiasdestaque","category-policial"],"_links":{"self":[{"href":"https:\/\/jorgezanoni.com.br\/2019\/wp-json\/wp\/v2\/posts\/82524","targetHints":{"allow":["GET"]}}],"collection":[{"href":"https:\/\/jorgezanoni.com.br\/2019\/wp-json\/wp\/v2\/posts"}],"about":[{"href":"https:\/\/jorgezanoni.com.br\/2019\/wp-json\/wp\/v2\/types\/post"}],"author":[{"embeddable":true,"href":"https:\/\/jorgezanoni.com.br\/2019\/wp-json\/wp\/v2\/users\/1"}],"replies":[{"embeddable":true,"href":"https:\/\/jorgezanoni.com.br\/2019\/wp-json\/wp\/v2\/comments?post=82524"}],"version-history":[{"count":1,"href":"https:\/\/jorgezanoni.com.br\/2019\/wp-json\/wp\/v2\/posts\/82524\/revisions"}],"predecessor-version":[{"id":82526,"href":"https:\/\/jorgezanoni.com.br\/2019\/wp-json\/wp\/v2\/posts\/82524\/revisions\/82526"}],"wp:featuredmedia":[{"embeddable":true,"href":"https:\/\/jorgezanoni.com.br\/2019\/wp-json\/wp\/v2\/media\/82525"}],"wp:attachment":[{"href":"https:\/\/jorgezanoni.com.br\/2019\/wp-json\/wp\/v2\/media?parent=82524"}],"wp:term":[{"taxonomy":"category","embeddable":true,"href":"https:\/\/jorgezanoni.com.br\/2019\/wp-json\/wp\/v2\/categories?post=82524"},{"taxonomy":"post_tag","embeddable":true,"href":"https:\/\/jorgezanoni.com.br\/2019\/wp-json\/wp\/v2\/tags?post=82524"}],"curies":[{"name":"wp","href":"https:\/\/api.w.org\/{rel}","templated":true}]}}