{"id":82501,"date":"2023-11-25T16:26:27","date_gmt":"2023-11-25T16:26:27","guid":{"rendered":"https:\/\/jorgezanoni.com.br\/2019\/?p=82501"},"modified":"2023-11-25T16:53:30","modified_gmt":"2023-11-25T16:53:30","slug":"delegacia-de-policia-de-junqueiropolis-recebe-homenagem-do-prefeito-municipal","status":"publish","type":"post","link":"https:\/\/jorgezanoni.com.br\/2019\/delegacia-de-policia-de-junqueiropolis-recebe-homenagem-do-prefeito-municipal\/","title":{"rendered":"Delegacia de Pol\u00edcia de Junqueir\u00f3polis recebe homenagem do Prefeito municipal"},"content":{"rendered":"<p style=\"text-align: justify;\">A Delegacia de Pol\u00edcia de Junqueir\u00f3polis foi agraciada neste s\u00e1bado (25) com uma homenagem aos policiais civis que atuam naquela unidade de pol\u00edcia judici\u00e1ria. A cerim\u00f4nia ocorreu ap\u00f3s o ato oficial de inaugura\u00e7\u00e3o da Farm\u00e1cia Municipal H\u00e9lio de Marcos. A comenda, materializada em uma placa comemorativa, foi entregue pelo Prefeito Municipal de Junqueir\u00f3polis, Osmar Pinato, ao Delegado de Pol\u00edcia titular de Junqueir\u00f3polis, Dr. Eliandro Renato dos Santos, em reconhecimento aos resultados atingidos nas investiga\u00e7\u00f5es policiais e composi\u00e7\u00f5es criminais do Necrim daquele munic\u00edpio.<\/p>\n<p style=\"text-align: justify;\">Al\u00e9m das autoridades nominadas, estiveram no evento o Dr. Alexandre Luis Luengo Lopes, Delegado Seccional de Dracena; o Dr. Alessandro Neves Barone, Delegado de Pol\u00edcia titular da DISE de Dracena; o Presidente da C\u00e2mara, Valdir Aparecido de Oliveira; o Vice Prefeito Municipal, Israel Gumiero; os Vereadores Ruy Domingos da Silva, Sofia Rodrigues dos Santos, Paulo S\u00e9rgio Cordeiro, Anderson Marcos Viana, H\u00e9lio Furini Neto e Teresinha de Lourdes Freitas Regodanso, al\u00e9m do corpo diretivo da Prefeitura Municipal, autoridades eclesi\u00e1sticas e a popula\u00e7\u00e3o do munic\u00edpio.<\/p>\n<p style=\"text-align: justify;\">Ap\u00f3s as homenagens, todos os presentes foram convidados a conhecer o pr\u00e9dio rec\u00e9m-inaugurado.<\/p>\n<p><img loading=\"lazy\" decoding=\"async\" class=\"alignnone size-full wp-image-82502\" src=\"https:\/\/jorgezanoni.com.br\/2019\/wp-content\/uploads\/2023\/11\/sec1-Pequeno.jpg\" alt=\"\" width=\"605\" height=\"480\" srcset=\"https:\/\/jorgezanoni.com.br\/2019\/wp-content\/uploads\/2023\/11\/sec1-Pequeno.jpg 605w, https:\/\/jorgezanoni.com.br\/2019\/wp-content\/uploads\/2023\/11\/sec1-Pequeno-300x238.jpg 300w, https:\/\/jorgezanoni.com.br\/2019\/wp-content\/uploads\/2023\/11\/sec1-Pequeno-529x420.jpg 529w\" sizes=\"auto, (max-width: 605px) 100vw, 605px\" \/><\/p>\n<p>Fonte: Com. Social Pol\u00edcia Civil<\/p>\n","protected":false},"excerpt":{"rendered":"<p>A Delegacia de Pol\u00edcia de Junqueir\u00f3polis foi agraciada neste s\u00e1bado (25) com uma homenagem aos policiais civis que atuam naquela unidade de pol\u00edcia judici\u00e1ria. A cerim\u00f4nia ocorreu ap\u00f3s o ato oficial de inaugura\u00e7\u00e3o da Farm\u00e1cia Municipal H\u00e9lio de Marcos. A comenda, materializada em uma placa comemorativa, foi entregue pelo Prefeito Municipal de Junqueir\u00f3polis, Osmar Pinato, [&hellip;]<\/p>\n","protected":false},"author":1,"featured_media":82503,"comment_status":"closed","ping_status":"open","sticky":false,"template":"","format":"standard","meta":{"footnotes":""},"categories":[110,2],"tags":[],"class_list":["post-82501","post","type-post","status-publish","format-standard","has-post-thumbnail","hentry","category-noticiasdestaque","category-policial"],"_links":{"self":[{"href":"https:\/\/jorgezanoni.com.br\/2019\/wp-json\/wp\/v2\/posts\/82501","targetHints":{"allow":["GET"]}}],"collection":[{"href":"https:\/\/jorgezanoni.com.br\/2019\/wp-json\/wp\/v2\/posts"}],"about":[{"href":"https:\/\/jorgezanoni.com.br\/2019\/wp-json\/wp\/v2\/types\/post"}],"author":[{"embeddable":true,"href":"https:\/\/jorgezanoni.com.br\/2019\/wp-json\/wp\/v2\/users\/1"}],"replies":[{"embeddable":true,"href":"https:\/\/jorgezanoni.com.br\/2019\/wp-json\/wp\/v2\/comments?post=82501"}],"version-history":[{"count":1,"href":"https:\/\/jorgezanoni.com.br\/2019\/wp-json\/wp\/v2\/posts\/82501\/revisions"}],"predecessor-version":[{"id":82504,"href":"https:\/\/jorgezanoni.com.br\/2019\/wp-json\/wp\/v2\/posts\/82501\/revisions\/82504"}],"wp:featuredmedia":[{"embeddable":true,"href":"https:\/\/jorgezanoni.com.br\/2019\/wp-json\/wp\/v2\/media\/82503"}],"wp:attachment":[{"href":"https:\/\/jorgezanoni.com.br\/2019\/wp-json\/wp\/v2\/media?parent=82501"}],"wp:term":[{"taxonomy":"category","embeddable":true,"href":"https:\/\/jorgezanoni.com.br\/2019\/wp-json\/wp\/v2\/categories?post=82501"},{"taxonomy":"post_tag","embeddable":true,"href":"https:\/\/jorgezanoni.com.br\/2019\/wp-json\/wp\/v2\/tags?post=82501"}],"curies":[{"name":"wp","href":"https:\/\/api.w.org\/{rel}","templated":true}]}}