{"id":82485,"date":"2023-11-24T16:57:04","date_gmt":"2023-11-24T16:57:04","guid":{"rendered":"https:\/\/jorgezanoni.com.br\/2019\/?p=82485"},"modified":"2023-11-24T16:57:04","modified_gmt":"2023-11-24T16:57:04","slug":"policia-militar-prende-homem-por-trafico-de-drogas-em-panorama","status":"publish","type":"post","link":"https:\/\/jorgezanoni.com.br\/2019\/policia-militar-prende-homem-por-trafico-de-drogas-em-panorama\/","title":{"rendered":"Pol\u00edcia Militar prende homem por Tr\u00e1fico de Drogas em Panorama"},"content":{"rendered":"<p style=\"text-align: justify;\">Na data de ontem (22) os policiais da For\u00e7a T\u00e1tica \u2013 Canil Setorial do 25\u00ba Batalh\u00e3o de Pol\u00edcia Militar do Interior, prenderam um homem por tr\u00e1fico de drogas em Panorama.<br \/>\nA equipe realizava o patrulhamento pelo munic\u00edpio de Panorama pela Rua Aurora Francisco de Camargo, e visualizaram dois indiv\u00edduos que ao avistarem a viatura dispensou algo em uma lixeira, de pronto a equipe realizou a abordagem e busca pessoal, e em m ato cont\u00ednuo verificaram a lixeira onde foi poss\u00edvel visualizar uma sacola pl\u00e1stica de cor branca contendo subst\u00e2ncias esverdeadas an\u00e1logas \u00e0 maconha. Diante dos fatos, foi dada voz de pris\u00e3o em flagrante pelo crime de tr\u00e1fico de drogas ao autor, e conduzido ao Plant\u00e3o de Pol\u00edcia Judici\u00e1ria de Dracena, permanecendo \u00e0 disposi\u00e7\u00e3o da Justi\u00e7a.<\/p>\n<p>Fonte: Com. Social Pol\u00edcia Militar<\/p>\n","protected":false},"excerpt":{"rendered":"<p>Na data de ontem (22) os policiais da For\u00e7a T\u00e1tica \u2013 Canil Setorial do 25\u00ba Batalh\u00e3o de Pol\u00edcia Militar do Interior, prenderam um homem por tr\u00e1fico de drogas em Panorama. A equipe realizava o patrulhamento pelo munic\u00edpio de Panorama pela Rua Aurora Francisco de Camargo, e visualizaram dois indiv\u00edduos que ao avistarem a viatura dispensou [&hellip;]<\/p>\n","protected":false},"author":1,"featured_media":82486,"comment_status":"closed","ping_status":"open","sticky":false,"template":"","format":"standard","meta":{"footnotes":""},"categories":[110,2],"tags":[],"class_list":["post-82485","post","type-post","status-publish","format-standard","has-post-thumbnail","hentry","category-noticiasdestaque","category-policial"],"_links":{"self":[{"href":"https:\/\/jorgezanoni.com.br\/2019\/wp-json\/wp\/v2\/posts\/82485","targetHints":{"allow":["GET"]}}],"collection":[{"href":"https:\/\/jorgezanoni.com.br\/2019\/wp-json\/wp\/v2\/posts"}],"about":[{"href":"https:\/\/jorgezanoni.com.br\/2019\/wp-json\/wp\/v2\/types\/post"}],"author":[{"embeddable":true,"href":"https:\/\/jorgezanoni.com.br\/2019\/wp-json\/wp\/v2\/users\/1"}],"replies":[{"embeddable":true,"href":"https:\/\/jorgezanoni.com.br\/2019\/wp-json\/wp\/v2\/comments?post=82485"}],"version-history":[{"count":1,"href":"https:\/\/jorgezanoni.com.br\/2019\/wp-json\/wp\/v2\/posts\/82485\/revisions"}],"predecessor-version":[{"id":82487,"href":"https:\/\/jorgezanoni.com.br\/2019\/wp-json\/wp\/v2\/posts\/82485\/revisions\/82487"}],"wp:featuredmedia":[{"embeddable":true,"href":"https:\/\/jorgezanoni.com.br\/2019\/wp-json\/wp\/v2\/media\/82486"}],"wp:attachment":[{"href":"https:\/\/jorgezanoni.com.br\/2019\/wp-json\/wp\/v2\/media?parent=82485"}],"wp:term":[{"taxonomy":"category","embeddable":true,"href":"https:\/\/jorgezanoni.com.br\/2019\/wp-json\/wp\/v2\/categories?post=82485"},{"taxonomy":"post_tag","embeddable":true,"href":"https:\/\/jorgezanoni.com.br\/2019\/wp-json\/wp\/v2\/tags?post=82485"}],"curies":[{"name":"wp","href":"https:\/\/api.w.org\/{rel}","templated":true}]}}