{"id":82480,"date":"2023-11-24T16:42:23","date_gmt":"2023-11-24T16:42:23","guid":{"rendered":"https:\/\/jorgezanoni.com.br\/2019\/?p=82480"},"modified":"2023-11-24T16:43:03","modified_gmt":"2023-11-24T16:43:03","slug":"policia-civil-e-subsecao-da-oab-inauguram-a-sala-do-projeto-oab-por-elas-em-panorama","status":"publish","type":"post","link":"https:\/\/jorgezanoni.com.br\/2019\/policia-civil-e-subsecao-da-oab-inauguram-a-sala-do-projeto-oab-por-elas-em-panorama\/","title":{"rendered":"Pol\u00edcia Civil e Subse\u00e7\u00e3o da OAB inauguram a sala do &#8220;Projeto OAB por Elas&#8221; em Panorama"},"content":{"rendered":"<p style=\"text-align: justify;\">A Pol\u00edcia Civil, por meio da Delegacia de Pol\u00edcia de Panorama, em parceria com a Subse\u00e7\u00e3o da OAB de Panorama, inaugurou nesta quinta-feira (23) a Sala do Projeto OAB Por Elas no munic\u00edpio de Panorama (SP). A sala foi instalada em um c\u00f4modo anexo ao pr\u00e9dio da Delegacia de Pol\u00edcia de Panorama e atender\u00e1 \u00e0s cidades de Panorama, Paulic\u00e9ia e Santa Mercedes.<\/p>\n<p style=\"text-align: justify;\">O Projeto OAB Por Elas em Panorama foi desenvolvido pelo Presidente da Subse\u00e7\u00e3o, Dr. Rodrigo Delgado, e ser\u00e1 coordenado pela Advogada Dra. Lucia Helena Aleixo, com o objetivo de proporcionar um atendimento mais humanizado e fornecer orienta\u00e7\u00e3o jur\u00eddica \u00e0s mulheres v\u00edtimas de viol\u00eancia dom\u00e9stica e familiar.<\/p>\n<p style=\"text-align: justify;\">A Pol\u00edcia Civil foi representada pelo Delegado Dr. Alessandro Neves Baroni, titular da Delegacia de Pol\u00edcia de Panorama, contando tamb\u00e9m com a presen\u00e7a do Delegado Seccional de Pol\u00edcia de Dracena, Dr. Alexandre Luis Luengo Lopes, e do Delegado de Pol\u00edcia Dr\u00ba Bruno Verginassi de Oliveira, da Delegacia de Pol\u00edcia de Paulic\u00e9ia.<\/p>\n<p style=\"text-align: justify;\">O evento tamb\u00e9m contou com a participa\u00e7\u00e3o da Ju\u00edza de Direito Dr\u00aa Aline Sugahara Bertaco, que est\u00e1 respondendo pela 1\u00aa Vara da Comarca de Panorama.<\/p>\n<p><img loading=\"lazy\" decoding=\"async\" class=\"alignnone size-full wp-image-82482\" src=\"https:\/\/jorgezanoni.com.br\/2019\/wp-content\/uploads\/2023\/11\/pano1-Pequeno.jpg\" alt=\"\" width=\"643\" height=\"480\" srcset=\"https:\/\/jorgezanoni.com.br\/2019\/wp-content\/uploads\/2023\/11\/pano1-Pequeno.jpg 643w, https:\/\/jorgezanoni.com.br\/2019\/wp-content\/uploads\/2023\/11\/pano1-Pequeno-300x224.jpg 300w, https:\/\/jorgezanoni.com.br\/2019\/wp-content\/uploads\/2023\/11\/pano1-Pequeno-80x60.jpg 80w, https:\/\/jorgezanoni.com.br\/2019\/wp-content\/uploads\/2023\/11\/pano1-Pequeno-265x198.jpg 265w, https:\/\/jorgezanoni.com.br\/2019\/wp-content\/uploads\/2023\/11\/pano1-Pequeno-563x420.jpg 563w\" sizes=\"auto, (max-width: 643px) 100vw, 643px\" \/><\/p>\n<p>&nbsp;<\/p>\n<p style=\"text-align: justify;\">Fonte: Com. Social Pol\u00edcia Civil<\/p>\n","protected":false},"excerpt":{"rendered":"<p>A Pol\u00edcia Civil, por meio da Delegacia de Pol\u00edcia de Panorama, em parceria com a Subse\u00e7\u00e3o da OAB de Panorama, inaugurou nesta quinta-feira (23) a Sala do Projeto OAB Por Elas no munic\u00edpio de Panorama (SP). A sala foi instalada em um c\u00f4modo anexo ao pr\u00e9dio da Delegacia de Pol\u00edcia de Panorama e atender\u00e1 \u00e0s [&hellip;]<\/p>\n","protected":false},"author":1,"featured_media":82481,"comment_status":"closed","ping_status":"open","sticky":false,"template":"","format":"standard","meta":{"footnotes":""},"categories":[110,2],"tags":[],"class_list":["post-82480","post","type-post","status-publish","format-standard","has-post-thumbnail","hentry","category-noticiasdestaque","category-policial"],"_links":{"self":[{"href":"https:\/\/jorgezanoni.com.br\/2019\/wp-json\/wp\/v2\/posts\/82480","targetHints":{"allow":["GET"]}}],"collection":[{"href":"https:\/\/jorgezanoni.com.br\/2019\/wp-json\/wp\/v2\/posts"}],"about":[{"href":"https:\/\/jorgezanoni.com.br\/2019\/wp-json\/wp\/v2\/types\/post"}],"author":[{"embeddable":true,"href":"https:\/\/jorgezanoni.com.br\/2019\/wp-json\/wp\/v2\/users\/1"}],"replies":[{"embeddable":true,"href":"https:\/\/jorgezanoni.com.br\/2019\/wp-json\/wp\/v2\/comments?post=82480"}],"version-history":[{"count":2,"href":"https:\/\/jorgezanoni.com.br\/2019\/wp-json\/wp\/v2\/posts\/82480\/revisions"}],"predecessor-version":[{"id":82484,"href":"https:\/\/jorgezanoni.com.br\/2019\/wp-json\/wp\/v2\/posts\/82480\/revisions\/82484"}],"wp:featuredmedia":[{"embeddable":true,"href":"https:\/\/jorgezanoni.com.br\/2019\/wp-json\/wp\/v2\/media\/82481"}],"wp:attachment":[{"href":"https:\/\/jorgezanoni.com.br\/2019\/wp-json\/wp\/v2\/media?parent=82480"}],"wp:term":[{"taxonomy":"category","embeddable":true,"href":"https:\/\/jorgezanoni.com.br\/2019\/wp-json\/wp\/v2\/categories?post=82480"},{"taxonomy":"post_tag","embeddable":true,"href":"https:\/\/jorgezanoni.com.br\/2019\/wp-json\/wp\/v2\/tags?post=82480"}],"curies":[{"name":"wp","href":"https:\/\/api.w.org\/{rel}","templated":true}]}}