{"id":82477,"date":"2023-11-24T16:26:50","date_gmt":"2023-11-24T16:26:50","guid":{"rendered":"https:\/\/jorgezanoni.com.br\/2019\/?p=82477"},"modified":"2023-11-24T16:26:50","modified_gmt":"2023-11-24T16:26:50","slug":"policia-civil-participa-de-evento-em-celebracao-ao-dia-internacional-pela-eliminacao-da-violencia-contra-a-mulher","status":"publish","type":"post","link":"https:\/\/jorgezanoni.com.br\/2019\/policia-civil-participa-de-evento-em-celebracao-ao-dia-internacional-pela-eliminacao-da-violencia-contra-a-mulher\/","title":{"rendered":"Pol\u00edcia Civil participa de evento em celebra\u00e7\u00e3o ao &#8220;Dia Internacional pela elimina\u00e7\u00e3o da viol\u00eancia contra a mulher"},"content":{"rendered":"<p style=\"text-align: justify;\">POL\u00cdCIA CIVIL PARTICIPA DE EVENTO EM CELEBRA\u00c7\u00c3O AO &#8220;DIA INTERNACIONAL PELA ELIMINA\u00c7\u00c3O DA VIOL\u00caNCIA CONTRA A MULHER&#8221; EM DRACENA<\/p>\n<p style=\"text-align: justify;\">A Pol\u00edcia Civil, por meio da Delegacia de Defesa da Mulher, participou nesta quinta-feira (23) de um evento promovido pela CIPA do AME de Dracena em alus\u00e3o ao Dia 25 de Novembro, data em que se celebra anualmente a luta para erradicar a viol\u00eancia contra as mulheres no mundo todo.<\/p>\n<p style=\"text-align: justify;\">Na oportunidade, a Delegada de Pol\u00edcia Luciana Nunes Falc\u00e3o Mendes, titular da DDM de Dracena, ministrou uma palestra para as servidoras do AME, discorrendo sobre a import\u00e2ncia da Lei Maria da Penha e sobre o trabalho especializado de pol\u00edcia judici\u00e1ria desenvolvido pela Delegacia de Pol\u00edcia de Defesa da Mulher em prol da prote\u00e7\u00e3o e dignidade da mulher.<\/p>\n<p style=\"text-align: justify;\">Durante a apresenta\u00e7\u00e3o, tamb\u00e9m houve a participa\u00e7\u00e3o da Psic\u00f3loga Micheli Rodrigues Rubira, que, em conjunto com a DDM, faz parte do Projeto OAB por Elas no munic\u00edpio de Dracena.<\/p>\n<p>Fonte: Com. Social Pol\u00edcia Civil<\/p>\n","protected":false},"excerpt":{"rendered":"<p>POL\u00cdCIA CIVIL PARTICIPA DE EVENTO EM CELEBRA\u00c7\u00c3O AO &#8220;DIA INTERNACIONAL PELA ELIMINA\u00c7\u00c3O DA VIOL\u00caNCIA CONTRA A MULHER&#8221; EM DRACENA A Pol\u00edcia Civil, por meio da Delegacia de Defesa da Mulher, participou nesta quinta-feira (23) de um evento promovido pela CIPA do AME de Dracena em alus\u00e3o ao Dia 25 de Novembro, data em que se [&hellip;]<\/p>\n","protected":false},"author":1,"featured_media":82478,"comment_status":"closed","ping_status":"open","sticky":false,"template":"","format":"standard","meta":{"footnotes":""},"categories":[110,2],"tags":[],"class_list":["post-82477","post","type-post","status-publish","format-standard","has-post-thumbnail","hentry","category-noticiasdestaque","category-policial"],"_links":{"self":[{"href":"https:\/\/jorgezanoni.com.br\/2019\/wp-json\/wp\/v2\/posts\/82477","targetHints":{"allow":["GET"]}}],"collection":[{"href":"https:\/\/jorgezanoni.com.br\/2019\/wp-json\/wp\/v2\/posts"}],"about":[{"href":"https:\/\/jorgezanoni.com.br\/2019\/wp-json\/wp\/v2\/types\/post"}],"author":[{"embeddable":true,"href":"https:\/\/jorgezanoni.com.br\/2019\/wp-json\/wp\/v2\/users\/1"}],"replies":[{"embeddable":true,"href":"https:\/\/jorgezanoni.com.br\/2019\/wp-json\/wp\/v2\/comments?post=82477"}],"version-history":[{"count":1,"href":"https:\/\/jorgezanoni.com.br\/2019\/wp-json\/wp\/v2\/posts\/82477\/revisions"}],"predecessor-version":[{"id":82479,"href":"https:\/\/jorgezanoni.com.br\/2019\/wp-json\/wp\/v2\/posts\/82477\/revisions\/82479"}],"wp:featuredmedia":[{"embeddable":true,"href":"https:\/\/jorgezanoni.com.br\/2019\/wp-json\/wp\/v2\/media\/82478"}],"wp:attachment":[{"href":"https:\/\/jorgezanoni.com.br\/2019\/wp-json\/wp\/v2\/media?parent=82477"}],"wp:term":[{"taxonomy":"category","embeddable":true,"href":"https:\/\/jorgezanoni.com.br\/2019\/wp-json\/wp\/v2\/categories?post=82477"},{"taxonomy":"post_tag","embeddable":true,"href":"https:\/\/jorgezanoni.com.br\/2019\/wp-json\/wp\/v2\/tags?post=82477"}],"curies":[{"name":"wp","href":"https:\/\/api.w.org\/{rel}","templated":true}]}}