{"id":82473,"date":"2023-11-24T16:18:55","date_gmt":"2023-11-24T16:18:55","guid":{"rendered":"https:\/\/jorgezanoni.com.br\/2019\/?p=82473"},"modified":"2023-11-24T16:19:36","modified_gmt":"2023-11-24T16:19:36","slug":"policia-civil-prende-homem-em-flagrante-por-descumprimeno-de-medida-protetiva-em-junqueiropolis","status":"publish","type":"post","link":"https:\/\/jorgezanoni.com.br\/2019\/policia-civil-prende-homem-em-flagrante-por-descumprimeno-de-medida-protetiva-em-junqueiropolis\/","title":{"rendered":"Pol\u00edcia Civil prende homem em flagrante por descumprimento de medida protetiva em Junqueir\u00f3polis"},"content":{"rendered":"<p style=\"text-align: justify;\">A Pol\u00edcia Civil, por interm\u00e9dio da Delegacia de Pol\u00edcia de Junqueir\u00f3polis, prendeu em flagrante, nesta quarta-feira (22), um homem de 44 anos que descumpriu a medida protetiva de urg\u00eancia em favor de sua genitora, de 60 anos.<\/p>\n<p style=\"text-align: justify;\">O caso ocorreu no bairro Jardim Alvorada, em Junqueir\u00f3polis, quando o suspeito invadiu a resid\u00eancia de sua m\u00e3e, mesmo estando sujeito a uma ordem judicial que determinava o afastamento do filho e proibia a aproxima\u00e7\u00e3o a uma dist\u00e2ncia de 100 metros da v\u00edtima, al\u00e9m de qualquer tipo de contato por meio de comunica\u00e7\u00e3o.<\/p>\n<p style=\"text-align: justify;\">A medida protetiva foi concedida pela Justi\u00e7a ap\u00f3s a mulher ter sido agredida e amea\u00e7ada pelo pr\u00f3prio filho em uma ocasi\u00e3o anterior. No entanto, nesta quarta-feira (22), o suspeito, mesmo ciente de que n\u00e3o poderia se aproximar de sua genitora, arrombou a porta da casa dela e invadiu a resid\u00eancia.<\/p>\n<p style=\"text-align: justify;\">A Pol\u00edcia Civil recebeu informa\u00e7\u00f5es sobre o fato, e os agentes da Delegacia de Pol\u00edcia de Junqueir\u00f3polis se deslocaram at\u00e9 o endere\u00e7o da v\u00edtima, surpreendendo o suspeito no interior do im\u00f3vel da genitora, onde ele foi imediatamente detido.<\/p>\n<p style=\"text-align: justify;\">O acusado foi conduzido \u00e0 Delegacia de Pol\u00edcia, onde a ordem de pris\u00e3o por descumprimento da medida protetiva de urg\u00eancia, no \u00e2mbito da Lei Maria da Penha, foi ratificada. O homem passou por audi\u00eancia de cust\u00f3dia, e a pris\u00e3o em flagrante foi convertida em pris\u00e3o preventiva, ficando \u00e0 disposi\u00e7\u00e3o da Justi\u00e7a.<\/p>\n<p>Fonte: Com. Social Pol\u00edcia Civil<\/p>\n","protected":false},"excerpt":{"rendered":"<p>A Pol\u00edcia Civil, por interm\u00e9dio da Delegacia de Pol\u00edcia de Junqueir\u00f3polis, prendeu em flagrante, nesta quarta-feira (22), um homem de 44 anos que descumpriu a medida protetiva de urg\u00eancia em favor de sua genitora, de 60 anos. O caso ocorreu no bairro Jardim Alvorada, em Junqueir\u00f3polis, quando o suspeito invadiu a resid\u00eancia de sua m\u00e3e, [&hellip;]<\/p>\n","protected":false},"author":1,"featured_media":82474,"comment_status":"closed","ping_status":"open","sticky":false,"template":"","format":"standard","meta":{"footnotes":""},"categories":[110,2],"tags":[],"class_list":["post-82473","post","type-post","status-publish","format-standard","has-post-thumbnail","hentry","category-noticiasdestaque","category-policial"],"_links":{"self":[{"href":"https:\/\/jorgezanoni.com.br\/2019\/wp-json\/wp\/v2\/posts\/82473","targetHints":{"allow":["GET"]}}],"collection":[{"href":"https:\/\/jorgezanoni.com.br\/2019\/wp-json\/wp\/v2\/posts"}],"about":[{"href":"https:\/\/jorgezanoni.com.br\/2019\/wp-json\/wp\/v2\/types\/post"}],"author":[{"embeddable":true,"href":"https:\/\/jorgezanoni.com.br\/2019\/wp-json\/wp\/v2\/users\/1"}],"replies":[{"embeddable":true,"href":"https:\/\/jorgezanoni.com.br\/2019\/wp-json\/wp\/v2\/comments?post=82473"}],"version-history":[{"count":2,"href":"https:\/\/jorgezanoni.com.br\/2019\/wp-json\/wp\/v2\/posts\/82473\/revisions"}],"predecessor-version":[{"id":82476,"href":"https:\/\/jorgezanoni.com.br\/2019\/wp-json\/wp\/v2\/posts\/82473\/revisions\/82476"}],"wp:featuredmedia":[{"embeddable":true,"href":"https:\/\/jorgezanoni.com.br\/2019\/wp-json\/wp\/v2\/media\/82474"}],"wp:attachment":[{"href":"https:\/\/jorgezanoni.com.br\/2019\/wp-json\/wp\/v2\/media?parent=82473"}],"wp:term":[{"taxonomy":"category","embeddable":true,"href":"https:\/\/jorgezanoni.com.br\/2019\/wp-json\/wp\/v2\/categories?post=82473"},{"taxonomy":"post_tag","embeddable":true,"href":"https:\/\/jorgezanoni.com.br\/2019\/wp-json\/wp\/v2\/tags?post=82473"}],"curies":[{"name":"wp","href":"https:\/\/api.w.org\/{rel}","templated":true}]}}