{"id":82444,"date":"2023-11-23T02:20:03","date_gmt":"2023-11-23T02:20:03","guid":{"rendered":"https:\/\/jorgezanoni.com.br\/2019\/?p=82444"},"modified":"2023-11-23T02:21:33","modified_gmt":"2023-11-23T02:21:33","slug":"policia-militar-prende-tres-homens-por-furto-trafico-de-drogas-e-recepcao-em-panorama","status":"publish","type":"post","link":"https:\/\/jorgezanoni.com.br\/2019\/policia-militar-prende-tres-homens-por-furto-trafico-de-drogas-e-recepcao-em-panorama\/","title":{"rendered":"Pol\u00edcia Militar prende tr\u00eas homens por furto, tr\u00e1fico de drogas e recep\u00e7\u00e3o em Panorama"},"content":{"rendered":"<p style=\"text-align: justify;\">Na data (22) os policiais do 25\u00ba Batalh\u00e3o de Pol\u00edcia Militar do Interior prenderam tr\u00eas homens em Panorama. A equipe foi acionada para atendimento de ocorr\u00eancia de furto, e ap\u00f3s verificar as imagens passadas pela v\u00edtima, o autor foi identificado de pronto, iniciando as dilig\u00eancias, sendo o autor do furto localizado em sua resid\u00eancia e localizado na resid\u00eancia o short utilizado pelo autor do furto, id\u00eantico ao que aparece nas imagens e indagado novamente confirmou ter praticado o furto e que seu irm\u00e3o havia vendido os peixes para homem (35 anos) com o apoio das demais viaturas os policiais, foram at\u00e9 o local indicado pelo autor do furto e localizado na geladeira da resid\u00eancia do homem os peixes, e indagado informou que comprou o peixe e n\u00e3o sabia a proced\u00eancia, ainda em busca na casa do suspeito de recep\u00e7\u00e3o foi localizado 02 por\u00e7\u00f5es de drogas, aparentemente coca\u00edna e a quantia de R$ 506,00 em contato com as partes foi verificado que havia um terceiro homem o qual teria vendido a droga para o autor do furto, em contato com o homem (53 anos) que disse n\u00e3o saber dos fatos e em busca domiciliar foi localizado o valor que havia sido pago pela droga. Diante dos fatos foi dada voz de pris\u00e3o em flagrante ao homem de 28 anos por furto, ao homem de 35 anos por recep\u00e7\u00e3o e o homem de 53 anos por tr\u00e1fico de drogas, sendo as partes conduzidas ao Plant\u00e3o de Pol\u00edcia Judici\u00e1ria de Dracena, permanecendo os tr\u00eas homens \u00e0 disposi\u00e7\u00e3o da Justi\u00e7a.<\/p>\n<p><img loading=\"lazy\" decoding=\"async\" class=\"alignnone size-full wp-image-82445\" src=\"https:\/\/jorgezanoni.com.br\/2019\/wp-content\/uploads\/2023\/11\/z-oanorama-Pequeno.jpg\" alt=\"\" width=\"480\" height=\"640\" srcset=\"https:\/\/jorgezanoni.com.br\/2019\/wp-content\/uploads\/2023\/11\/z-oanorama-Pequeno.jpg 480w, https:\/\/jorgezanoni.com.br\/2019\/wp-content\/uploads\/2023\/11\/z-oanorama-Pequeno-225x300.jpg 225w, https:\/\/jorgezanoni.com.br\/2019\/wp-content\/uploads\/2023\/11\/z-oanorama-Pequeno-315x420.jpg 315w\" sizes=\"auto, (max-width: 480px) 100vw, 480px\" \/><\/p>\n<p>Fonte: Com. Social Pol\u00edcia Militar<\/p>\n","protected":false},"excerpt":{"rendered":"<p>Na data (22) os policiais do 25\u00ba Batalh\u00e3o de Pol\u00edcia Militar do Interior prenderam tr\u00eas homens em Panorama. A equipe foi acionada para atendimento de ocorr\u00eancia de furto, e ap\u00f3s verificar as imagens passadas pela v\u00edtima, o autor foi identificado de pronto, iniciando as dilig\u00eancias, sendo o autor do furto localizado em sua resid\u00eancia e [&hellip;]<\/p>\n","protected":false},"author":1,"featured_media":82446,"comment_status":"closed","ping_status":"open","sticky":false,"template":"","format":"standard","meta":{"footnotes":""},"categories":[110,2],"tags":[],"class_list":["post-82444","post","type-post","status-publish","format-standard","has-post-thumbnail","hentry","category-noticiasdestaque","category-policial"],"_links":{"self":[{"href":"https:\/\/jorgezanoni.com.br\/2019\/wp-json\/wp\/v2\/posts\/82444","targetHints":{"allow":["GET"]}}],"collection":[{"href":"https:\/\/jorgezanoni.com.br\/2019\/wp-json\/wp\/v2\/posts"}],"about":[{"href":"https:\/\/jorgezanoni.com.br\/2019\/wp-json\/wp\/v2\/types\/post"}],"author":[{"embeddable":true,"href":"https:\/\/jorgezanoni.com.br\/2019\/wp-json\/wp\/v2\/users\/1"}],"replies":[{"embeddable":true,"href":"https:\/\/jorgezanoni.com.br\/2019\/wp-json\/wp\/v2\/comments?post=82444"}],"version-history":[{"count":3,"href":"https:\/\/jorgezanoni.com.br\/2019\/wp-json\/wp\/v2\/posts\/82444\/revisions"}],"predecessor-version":[{"id":82449,"href":"https:\/\/jorgezanoni.com.br\/2019\/wp-json\/wp\/v2\/posts\/82444\/revisions\/82449"}],"wp:featuredmedia":[{"embeddable":true,"href":"https:\/\/jorgezanoni.com.br\/2019\/wp-json\/wp\/v2\/media\/82446"}],"wp:attachment":[{"href":"https:\/\/jorgezanoni.com.br\/2019\/wp-json\/wp\/v2\/media?parent=82444"}],"wp:term":[{"taxonomy":"category","embeddable":true,"href":"https:\/\/jorgezanoni.com.br\/2019\/wp-json\/wp\/v2\/categories?post=82444"},{"taxonomy":"post_tag","embeddable":true,"href":"https:\/\/jorgezanoni.com.br\/2019\/wp-json\/wp\/v2\/tags?post=82444"}],"curies":[{"name":"wp","href":"https:\/\/api.w.org\/{rel}","templated":true}]}}