{"id":82398,"date":"2023-11-21T15:55:57","date_gmt":"2023-11-21T15:55:57","guid":{"rendered":"https:\/\/jorgezanoni.com.br\/2019\/?p=82398"},"modified":"2023-11-21T15:55:57","modified_gmt":"2023-11-21T15:55:57","slug":"viaduto-em-pacaembu-sera-interditado-para-obras","status":"publish","type":"post","link":"https:\/\/jorgezanoni.com.br\/2019\/viaduto-em-pacaembu-sera-interditado-para-obras\/","title":{"rendered":"Viaduto em Pacaembu ser\u00e1 interditado para obras"},"content":{"rendered":"<p class=\"v1MsoNormal\" style=\"text-align: justify;\" align=\"center\"><strong><i><span lang=\"PT\">Interven\u00e7\u00f5es para eleva\u00e7\u00e3o da estrutura ter\u00e3o in\u00edcio nesta quinta e devem ser conclu\u00eddas em tr\u00eas meses.<\/span><\/i><\/strong><\/p>\n<p class=\"v1MsoNormal\" style=\"text-align: justify;\"><span lang=\"PT\">O viaduto localizado no km 617+800 da SP 294 &#8211; Rodovia Comandante Jo\u00e3o Ribeiro de Barros, em Pacaembu, passar\u00e1 por obras nos pr\u00f3ximos tr\u00eas meses e as interven\u00e7\u00f5es provocar\u00e3o mudan\u00e7as no tr\u00e2nsito. A passagem superior do viaduto, que liga o munic\u00edpio \u00e0 vicinal Prefeito Kouitiro Sato, ser\u00e1 fechada a partir desta quinta-feira (23) para a realiza\u00e7\u00e3o dos trabalhos de eleva\u00e7\u00e3o da estrutura. J\u00e1 a passagem inferior do viaduto, que s\u00e3o as quatro faixas de rolamento da SP 294, em ambos os sentidos, ter\u00e1 o tr\u00e1fego livre. Apenas os acostamentos estar\u00e3o interditados durante a execu\u00e7\u00e3o das obras. Em raz\u00e3o das altera\u00e7\u00f5es no tr\u00e1fego, a Eixo SP Concession\u00e1ria de Rodovias pede aos motoristas que fiquem atentos \u00e0s sinaliza\u00e7\u00f5es.<\/span><\/p>\n<p class=\"v1MsoNormal\" style=\"text-align: justify;\"><span lang=\"PT\">As interven\u00e7\u00f5es ser\u00e3o necess\u00e1rias para o alteamento (eleva\u00e7\u00e3o) do viaduto, que passar\u00e1 a ter cinco metros e meio de altura. O procedimento visa oferecer maior seguran\u00e7a aos usu\u00e1rios e garantir a integridade do viaduto ao diminuir o risco de colis\u00e3o, que podem ser provocadas por ve\u00edculos com cargas mais elevadas. A estrutura ser\u00e1 alteada com uso de macacos hidr\u00e1ulicos posicionados de acordo com as normas de qualidade e seguran\u00e7a.<\/span><\/p>\n<p class=\"v1MsoNormal\" style=\"text-align: justify;\"><span lang=\"PT\">Durante o per\u00edodo de interdi\u00e7\u00e3o da passagem superior do viaduto, os motoristas ter\u00e3o as seguintes alternativas. Quem vem pela vicinal e precisa acessar o munic\u00edpio, a op\u00e7\u00e3o ser\u00e1 pegar a SP 294 no sentido Oeste (Junqueir\u00f3polis) e fazer o retorno no pr\u00f3ximo dispositivo, logo \u00e0 frente. Para quem vem do munic\u00edpio em dire\u00e7\u00e3o \u00e0 vicinal, a op\u00e7\u00e3o ser\u00e1 seguir pela SP 294 no sentido Leste (Fl\u00f3rida Paulista) e retornar no dispositivo seguinte.<\/span><\/p>\n<p class=\"v1MsoNormal\" style=\"text-align: justify;\"><b><span lang=\"PT\">Sobre a Eixo SP<\/span><\/b><\/p>\n<p class=\"v1MsoNormal\" style=\"text-align: justify;\"><span lang=\"PT\">A Eixo SP Concession\u00e1ria de Rodovias administra mais de 1.221 km de \u200eestradas que passam por 62 munic\u00edpios da regi\u00e3o de Rio Claro, no centro \u200edo Estado, at\u00e9 Panorama, no extremo oeste, na divisa com o Mato Grosso \u200edo Sul. O maior contrato sob supervis\u00e3o da Artesp (Ag\u00eancia Reguladora \u200ede Transportes do Estado de S\u00e3o Paulo) ter\u00e1 investimentos na ordem de \u200eR$ 14 bilh\u00f5es em obras de amplia\u00e7\u00e3o, conserva\u00e7\u00e3o, al\u00e9m da \u200emoderniza\u00e7\u00e3o de servi\u00e7os ao usu\u00e1rio. Para mais informa\u00e7\u00f5es acesse: \u200e<a href=\"http:\/\/www.eixosp.com.br\/\" target=\"_blank\" rel=\"noopener noreferrer\">www.eixosp.com.br<\/a>.<\/span><\/p>\n<p>Fonte: Eixo<\/p>\n","protected":false},"excerpt":{"rendered":"<p>Interven\u00e7\u00f5es para eleva\u00e7\u00e3o da estrutura ter\u00e3o in\u00edcio nesta quinta e devem ser conclu\u00eddas em tr\u00eas meses. O viaduto localizado no km 617+800 da SP 294 &#8211; Rodovia Comandante Jo\u00e3o Ribeiro de Barros, em Pacaembu, passar\u00e1 por obras nos pr\u00f3ximos tr\u00eas meses e as interven\u00e7\u00f5es provocar\u00e3o mudan\u00e7as no tr\u00e2nsito. A passagem superior do viaduto, que liga [&hellip;]<\/p>\n","protected":false},"author":1,"featured_media":82399,"comment_status":"closed","ping_status":"open","sticky":false,"template":"","format":"standard","meta":{"footnotes":""},"categories":[180,110],"tags":[],"class_list":["post-82398","post","type-post","status-publish","format-standard","has-post-thumbnail","hentry","category-estradastransitoveiculos","category-noticiasdestaque"],"_links":{"self":[{"href":"https:\/\/jorgezanoni.com.br\/2019\/wp-json\/wp\/v2\/posts\/82398","targetHints":{"allow":["GET"]}}],"collection":[{"href":"https:\/\/jorgezanoni.com.br\/2019\/wp-json\/wp\/v2\/posts"}],"about":[{"href":"https:\/\/jorgezanoni.com.br\/2019\/wp-json\/wp\/v2\/types\/post"}],"author":[{"embeddable":true,"href":"https:\/\/jorgezanoni.com.br\/2019\/wp-json\/wp\/v2\/users\/1"}],"replies":[{"embeddable":true,"href":"https:\/\/jorgezanoni.com.br\/2019\/wp-json\/wp\/v2\/comments?post=82398"}],"version-history":[{"count":1,"href":"https:\/\/jorgezanoni.com.br\/2019\/wp-json\/wp\/v2\/posts\/82398\/revisions"}],"predecessor-version":[{"id":82400,"href":"https:\/\/jorgezanoni.com.br\/2019\/wp-json\/wp\/v2\/posts\/82398\/revisions\/82400"}],"wp:featuredmedia":[{"embeddable":true,"href":"https:\/\/jorgezanoni.com.br\/2019\/wp-json\/wp\/v2\/media\/82399"}],"wp:attachment":[{"href":"https:\/\/jorgezanoni.com.br\/2019\/wp-json\/wp\/v2\/media?parent=82398"}],"wp:term":[{"taxonomy":"category","embeddable":true,"href":"https:\/\/jorgezanoni.com.br\/2019\/wp-json\/wp\/v2\/categories?post=82398"},{"taxonomy":"post_tag","embeddable":true,"href":"https:\/\/jorgezanoni.com.br\/2019\/wp-json\/wp\/v2\/tags?post=82398"}],"curies":[{"name":"wp","href":"https:\/\/api.w.org\/{rel}","templated":true}]}}