{"id":82395,"date":"2023-11-20T22:22:06","date_gmt":"2023-11-20T22:22:06","guid":{"rendered":"https:\/\/jorgezanoni.com.br\/2019\/?p=82395"},"modified":"2023-11-20T22:22:06","modified_gmt":"2023-11-20T22:22:06","slug":"policia-militar-prende-homem-por-amecar-mulher-durante-descumprimento-de-medida-protetiva-em-dracena","status":"publish","type":"post","link":"https:\/\/jorgezanoni.com.br\/2019\/policia-militar-prende-homem-por-amecar-mulher-durante-descumprimento-de-medida-protetiva-em-dracena\/","title":{"rendered":"Pol\u00edcia Militar prende homem por ame\u00e7ar mulher durante descumprimento de medida protetiva em Dracena"},"content":{"rendered":"<p style=\"text-align: justify;\">Na data de hoje (19) policiais militares do 25\u00b0 Batalh\u00e3o de Pol\u00edcia Militar do Interior abordaram em Dracena pelo bairro Jardim Brasil\u00e2ndia um indiv\u00edduo que estava com arma de fogo amea\u00e7ando pessoas pela via.<br \/>\nDurante busca foi localizado no ve\u00edculo uma espingarda de press\u00e3o com mira telesc\u00f3pica, e muni\u00e7\u00e3o a pronto emprego.<br \/>\nSegundo a ex amasia, que possui medida protetiva, vem sofrendo amea\u00e7as.<br \/>\nAp\u00f3s pesquisa tamb\u00e9m verificou-se que o autor (50 anos) estava com sua CNH e licenciamento do ve\u00edculo vencidos. Diante dos fatos o autor foi conduzido ao Plant\u00e3o de Pol\u00edcia Judici\u00e1ria permanecendo preso. disposi\u00e7\u00e3o da Justi\u00e7a.<\/p>\n<p>Fonte: Com. Social Pol\u00edcia Militar<\/p>\n","protected":false},"excerpt":{"rendered":"<p>Na data de hoje (19) policiais militares do 25\u00b0 Batalh\u00e3o de Pol\u00edcia Militar do Interior abordaram em Dracena pelo bairro Jardim Brasil\u00e2ndia um indiv\u00edduo que estava com arma de fogo amea\u00e7ando pessoas pela via. Durante busca foi localizado no ve\u00edculo uma espingarda de press\u00e3o com mira telesc\u00f3pica, e muni\u00e7\u00e3o a pronto emprego. Segundo a ex [&hellip;]<\/p>\n","protected":false},"author":1,"featured_media":82396,"comment_status":"closed","ping_status":"open","sticky":false,"template":"","format":"standard","meta":{"footnotes":""},"categories":[110,2],"tags":[],"class_list":["post-82395","post","type-post","status-publish","format-standard","has-post-thumbnail","hentry","category-noticiasdestaque","category-policial"],"_links":{"self":[{"href":"https:\/\/jorgezanoni.com.br\/2019\/wp-json\/wp\/v2\/posts\/82395","targetHints":{"allow":["GET"]}}],"collection":[{"href":"https:\/\/jorgezanoni.com.br\/2019\/wp-json\/wp\/v2\/posts"}],"about":[{"href":"https:\/\/jorgezanoni.com.br\/2019\/wp-json\/wp\/v2\/types\/post"}],"author":[{"embeddable":true,"href":"https:\/\/jorgezanoni.com.br\/2019\/wp-json\/wp\/v2\/users\/1"}],"replies":[{"embeddable":true,"href":"https:\/\/jorgezanoni.com.br\/2019\/wp-json\/wp\/v2\/comments?post=82395"}],"version-history":[{"count":1,"href":"https:\/\/jorgezanoni.com.br\/2019\/wp-json\/wp\/v2\/posts\/82395\/revisions"}],"predecessor-version":[{"id":82397,"href":"https:\/\/jorgezanoni.com.br\/2019\/wp-json\/wp\/v2\/posts\/82395\/revisions\/82397"}],"wp:featuredmedia":[{"embeddable":true,"href":"https:\/\/jorgezanoni.com.br\/2019\/wp-json\/wp\/v2\/media\/82396"}],"wp:attachment":[{"href":"https:\/\/jorgezanoni.com.br\/2019\/wp-json\/wp\/v2\/media?parent=82395"}],"wp:term":[{"taxonomy":"category","embeddable":true,"href":"https:\/\/jorgezanoni.com.br\/2019\/wp-json\/wp\/v2\/categories?post=82395"},{"taxonomy":"post_tag","embeddable":true,"href":"https:\/\/jorgezanoni.com.br\/2019\/wp-json\/wp\/v2\/tags?post=82395"}],"curies":[{"name":"wp","href":"https:\/\/api.w.org\/{rel}","templated":true}]}}