{"id":82289,"date":"2023-11-17T21:32:21","date_gmt":"2023-11-17T21:32:21","guid":{"rendered":"https:\/\/jorgezanoni.com.br\/2019\/?p=82289"},"modified":"2023-11-17T21:33:04","modified_gmt":"2023-11-17T21:33:04","slug":"sicredi-dracena-passa-a-atender-em-novo-endereco-a-partir-de-terca-feira-21","status":"publish","type":"post","link":"https:\/\/jorgezanoni.com.br\/2019\/sicredi-dracena-passa-a-atender-em-novo-endereco-a-partir-de-terca-feira-21\/","title":{"rendered":"SICREDI Dracena passa a atender em novo endere\u00e7o a partir de ter\u00e7a-feira (21)"},"content":{"rendered":"<p style=\"text-align: justify;\"><strong>A ampla e moderna Ag\u00eancia SICREDI de Dracena, estar\u00e1 atendendo os associados, amigos e parceiros em novo local.<\/strong><\/p>\n<p style=\"text-align: justify;\">Rua Monte Castelo esquina com a Maracaj\u00fa, h\u00e1 uma quadra da Avenida Presidente Roosevelt.<\/p>\n<p style=\"text-align: justify;\">Dezesseis colaboradores estar\u00e3o \u00e0 disposi\u00e7\u00e3o para atender os Associados e pessoas que procurarem informa\u00e7\u00f5es relativas ao sistema banc\u00e1rio.<\/p>\n<p style=\"text-align: justify;\">O Associado que precisar usar o Caixa Eletr\u00f4nico, desde hoje (17) pode se dirigir \u00e0 nova ag\u00eancia que 4 (quatro) m\u00e1quinas j\u00e1 est\u00e3o \u00e0 disposi\u00e7\u00e3o.<\/p>\n<p style=\"text-align: justify;\">A SICREDI Dracena passa a contar al\u00e9m do atendimento que todos seus Associados j\u00e1 conhecem, com um Coworking diferenciado e estacionamento excluviso para 20 (vinte) ve\u00edculos.<\/p>\n<p style=\"text-align: justify;\">\u00c1rea ampla e arejada foi planejada para que o Associado tenha todo o conforto, seguran\u00e7a e o atendimento que busca.<\/p>\n<p style=\"text-align: justify;\">A dire\u00e7\u00e3o e ger\u00eancia convida a todos para dar uma passada, tomar um caf\u00e9 e conhecer as novas e modernas instala\u00e7\u00f4es SICREDI.<\/p>\n<p>O Site JZ e TOP TV parabenizam a dire\u00e7\u00e3o, ger\u00eancia e quadro de colaboradores que acreditam e investem em nossa cidade. Nosso muito obrigado.<\/p>\n<p><img loading=\"lazy\" decoding=\"async\" class=\"alignnone size-full wp-image-82291\" src=\"https:\/\/jorgezanoni.com.br\/2019\/wp-content\/uploads\/2023\/11\/sicredi-1-Pequeno-2.jpg\" alt=\"\" width=\"782\" height=\"394\" srcset=\"https:\/\/jorgezanoni.com.br\/2019\/wp-content\/uploads\/2023\/11\/sicredi-1-Pequeno-2.jpg 782w, https:\/\/jorgezanoni.com.br\/2019\/wp-content\/uploads\/2023\/11\/sicredi-1-Pequeno-2-300x151.jpg 300w, https:\/\/jorgezanoni.com.br\/2019\/wp-content\/uploads\/2023\/11\/sicredi-1-Pequeno-2-768x387.jpg 768w, https:\/\/jorgezanoni.com.br\/2019\/wp-content\/uploads\/2023\/11\/sicredi-1-Pequeno-2-696x351.jpg 696w\" sizes=\"auto, (max-width: 782px) 100vw, 782px\" \/> <img loading=\"lazy\" decoding=\"async\" class=\"alignnone size-full wp-image-82292\" src=\"https:\/\/jorgezanoni.com.br\/2019\/wp-content\/uploads\/2023\/11\/Sicredi-2-Pequeno-3.jpg\" alt=\"\" width=\"854\" height=\"311\" srcset=\"https:\/\/jorgezanoni.com.br\/2019\/wp-content\/uploads\/2023\/11\/Sicredi-2-Pequeno-3.jpg 854w, https:\/\/jorgezanoni.com.br\/2019\/wp-content\/uploads\/2023\/11\/Sicredi-2-Pequeno-3-300x109.jpg 300w, https:\/\/jorgezanoni.com.br\/2019\/wp-content\/uploads\/2023\/11\/Sicredi-2-Pequeno-3-768x280.jpg 768w, https:\/\/jorgezanoni.com.br\/2019\/wp-content\/uploads\/2023\/11\/Sicredi-2-Pequeno-3-696x253.jpg 696w\" sizes=\"auto, (max-width: 854px) 100vw, 854px\" \/><\/p>\n<p>Jorge Zanoni<\/p>\n","protected":false},"excerpt":{"rendered":"<p>A ampla e moderna Ag\u00eancia SICREDI de Dracena, estar\u00e1 atendendo os associados, amigos e parceiros em novo local. Rua Monte Castelo esquina com a Maracaj\u00fa, h\u00e1 uma quadra da Avenida Presidente Roosevelt. Dezesseis colaboradores estar\u00e3o \u00e0 disposi\u00e7\u00e3o para atender os Associados e pessoas que procurarem informa\u00e7\u00f5es relativas ao sistema banc\u00e1rio. O Associado que precisar usar [&hellip;]<\/p>\n","protected":false},"author":1,"featured_media":82290,"comment_status":"closed","ping_status":"open","sticky":false,"template":"","format":"standard","meta":{"footnotes":""},"categories":[179,184,110,116],"tags":[],"class_list":["post-82289","post","type-post","status-publish","format-standard","has-post-thumbnail","hentry","category-cidadeseregiao","category-dracena","category-noticiasdestaque","category-politicaeeconomia"],"_links":{"self":[{"href":"https:\/\/jorgezanoni.com.br\/2019\/wp-json\/wp\/v2\/posts\/82289","targetHints":{"allow":["GET"]}}],"collection":[{"href":"https:\/\/jorgezanoni.com.br\/2019\/wp-json\/wp\/v2\/posts"}],"about":[{"href":"https:\/\/jorgezanoni.com.br\/2019\/wp-json\/wp\/v2\/types\/post"}],"author":[{"embeddable":true,"href":"https:\/\/jorgezanoni.com.br\/2019\/wp-json\/wp\/v2\/users\/1"}],"replies":[{"embeddable":true,"href":"https:\/\/jorgezanoni.com.br\/2019\/wp-json\/wp\/v2\/comments?post=82289"}],"version-history":[{"count":2,"href":"https:\/\/jorgezanoni.com.br\/2019\/wp-json\/wp\/v2\/posts\/82289\/revisions"}],"predecessor-version":[{"id":82294,"href":"https:\/\/jorgezanoni.com.br\/2019\/wp-json\/wp\/v2\/posts\/82289\/revisions\/82294"}],"wp:featuredmedia":[{"embeddable":true,"href":"https:\/\/jorgezanoni.com.br\/2019\/wp-json\/wp\/v2\/media\/82290"}],"wp:attachment":[{"href":"https:\/\/jorgezanoni.com.br\/2019\/wp-json\/wp\/v2\/media?parent=82289"}],"wp:term":[{"taxonomy":"category","embeddable":true,"href":"https:\/\/jorgezanoni.com.br\/2019\/wp-json\/wp\/v2\/categories?post=82289"},{"taxonomy":"post_tag","embeddable":true,"href":"https:\/\/jorgezanoni.com.br\/2019\/wp-json\/wp\/v2\/tags?post=82289"}],"curies":[{"name":"wp","href":"https:\/\/api.w.org\/{rel}","templated":true}]}}