{"id":82281,"date":"2023-11-17T00:22:54","date_gmt":"2023-11-17T00:22:54","guid":{"rendered":"https:\/\/jorgezanoni.com.br\/2019\/?p=82281"},"modified":"2023-11-17T00:22:54","modified_gmt":"2023-11-17T00:22:54","slug":"policia-civil-prende-dois-homens-suspeitos-de-furto-em-residencia-de-panorama","status":"publish","type":"post","link":"https:\/\/jorgezanoni.com.br\/2019\/policia-civil-prende-dois-homens-suspeitos-de-furto-em-residencia-de-panorama\/","title":{"rendered":"Pol\u00edcia Civil prende dois homens suspeitos de furto em resid\u00eancia de Panorama"},"content":{"rendered":"<p style=\"text-align: justify;\">A Pol\u00edcia Civil, por interm\u00e9dio da Delegacia de Pol\u00edcia de Panorama, efetuou a pris\u00e3o nesta quinta-feira (16) de dois homens, de 22 e 23 anos, suspeitos de arrombarem a porta da sala de uma resid\u00eancia no bairro Jardim S\u00e3o Francisco, em Panorama (SP). Os indiv\u00edduos s\u00e3o acusados de subtrair uma mochila, diversas pe\u00e7as de roupa, frascos de perfume e carne armazenada na geladeira do im\u00f3vel.<\/p>\n<p style=\"text-align: justify;\">A investiga\u00e7\u00e3o teve in\u00edcio quando a v\u00edtima procurou a Pol\u00edcia Civil para relatar que, ao retornar para casa durante a manh\u00e3, encontrou a porta da sala arrombada e percebeu o furto de objetos pessoais e produtos aliment\u00edcios.<\/p>\n<p style=\"text-align: justify;\">Ap\u00f3s o registro da ocorr\u00eancia, agentes do setor de investiga\u00e7\u00e3o realizaram dilig\u00eancias nas proximidades do fato ocorrido e obtiveram informa\u00e7\u00f5es de que o suspeito de 22 anos, conhecido por pr\u00e1ticas anteriores de furtos semelhantes, foi visto pr\u00f3ximo \u00e0 casa da v\u00edtima na companhia do outro homem de 23 anos.<\/p>\n<p style=\"text-align: justify;\">Ao abordar o suspeito de 22 anos em sua resid\u00eancia, ele inicialmente negou envolvimento no furto. No entanto, a m\u00e3e do acusado entregou uma mochila com roupas e outros objetos, al\u00e9m de mostrar aos agentes alimentos na geladeira que n\u00e3o pertenciam \u00e0 fam\u00edlia. Os itens coincidiam com os furtados na casa da v\u00edtima. A genitora tamb\u00e9m apontou a participa\u00e7\u00e3o do outro suspeito de 23 anos, resultando na pris\u00e3o do primeiro.<\/p>\n<p style=\"text-align: justify;\">Em seguida, os policiais foram \u00e0 casa do homem de 23 anos, que confessou sua participa\u00e7\u00e3o no crime e mostrou aos agentes um frasco de perfume furtado em seu quarto. Ele admitiu ter atuado como &#8220;olheiro&#8221;, vigiando o movimento da rua enquanto seu amigo arrombava a porta da casa e cometia o furto.<\/p>\n<p style=\"text-align: justify;\">Os objetos recuperados foram apreendidos e devolvidos \u00e0 v\u00edtima. Ambos os acusados foram conduzidos \u00e0 delegacia de pol\u00edcia judici\u00e1ria, onde as pris\u00f5es em flagrante foram ratificadas pelo crime de furto qualificado, mantendo-os presos \u00e0 disposi\u00e7\u00e3o da Justi\u00e7a.<\/p>\n<p style=\"text-align: justify;\">A Pol\u00edcia Civil tamb\u00e9m solicitou a convers\u00e3o da pris\u00e3o em flagrante em pris\u00e3o preventiva, aguardando aprecia\u00e7\u00e3o pela Justi\u00e7a durante a audi\u00eancia de cust\u00f3dia.<\/p>\n<p>Fonte: Com. Social Pol\u00edcia Civil<\/p>\n","protected":false},"excerpt":{"rendered":"<p>A Pol\u00edcia Civil, por interm\u00e9dio da Delegacia de Pol\u00edcia de Panorama, efetuou a pris\u00e3o nesta quinta-feira (16) de dois homens, de 22 e 23 anos, suspeitos de arrombarem a porta da sala de uma resid\u00eancia no bairro Jardim S\u00e3o Francisco, em Panorama (SP). Os indiv\u00edduos s\u00e3o acusados de subtrair uma mochila, diversas pe\u00e7as de roupa, [&hellip;]<\/p>\n","protected":false},"author":1,"featured_media":82282,"comment_status":"closed","ping_status":"open","sticky":false,"template":"","format":"standard","meta":{"footnotes":""},"categories":[110,2],"tags":[],"class_list":["post-82281","post","type-post","status-publish","format-standard","has-post-thumbnail","hentry","category-noticiasdestaque","category-policial"],"_links":{"self":[{"href":"https:\/\/jorgezanoni.com.br\/2019\/wp-json\/wp\/v2\/posts\/82281","targetHints":{"allow":["GET"]}}],"collection":[{"href":"https:\/\/jorgezanoni.com.br\/2019\/wp-json\/wp\/v2\/posts"}],"about":[{"href":"https:\/\/jorgezanoni.com.br\/2019\/wp-json\/wp\/v2\/types\/post"}],"author":[{"embeddable":true,"href":"https:\/\/jorgezanoni.com.br\/2019\/wp-json\/wp\/v2\/users\/1"}],"replies":[{"embeddable":true,"href":"https:\/\/jorgezanoni.com.br\/2019\/wp-json\/wp\/v2\/comments?post=82281"}],"version-history":[{"count":1,"href":"https:\/\/jorgezanoni.com.br\/2019\/wp-json\/wp\/v2\/posts\/82281\/revisions"}],"predecessor-version":[{"id":82283,"href":"https:\/\/jorgezanoni.com.br\/2019\/wp-json\/wp\/v2\/posts\/82281\/revisions\/82283"}],"wp:featuredmedia":[{"embeddable":true,"href":"https:\/\/jorgezanoni.com.br\/2019\/wp-json\/wp\/v2\/media\/82282"}],"wp:attachment":[{"href":"https:\/\/jorgezanoni.com.br\/2019\/wp-json\/wp\/v2\/media?parent=82281"}],"wp:term":[{"taxonomy":"category","embeddable":true,"href":"https:\/\/jorgezanoni.com.br\/2019\/wp-json\/wp\/v2\/categories?post=82281"},{"taxonomy":"post_tag","embeddable":true,"href":"https:\/\/jorgezanoni.com.br\/2019\/wp-json\/wp\/v2\/tags?post=82281"}],"curies":[{"name":"wp","href":"https:\/\/api.w.org\/{rel}","templated":true}]}}