{"id":82265,"date":"2023-11-16T21:41:19","date_gmt":"2023-11-16T21:41:19","guid":{"rendered":"https:\/\/jorgezanoni.com.br\/2019\/?p=82265"},"modified":"2023-11-16T21:41:19","modified_gmt":"2023-11-16T21:41:19","slug":"o-que-e-brontofobia-por-cidinha-pascoaloto","status":"publish","type":"post","link":"https:\/\/jorgezanoni.com.br\/2019\/o-que-e-brontofobia-por-cidinha-pascoaloto\/","title":{"rendered":"O que \u00e9 brontofobia?  (por Cidinha Pascoaloto)"},"content":{"rendered":"<p style=\"text-align: justify;\"><strong>\u00a0A brontofobia \u00e9 o transtorno de ansiedade<\/strong> que est\u00e1 relacionado ao medo f\u00f3bico, excessivo e incontrol\u00e1vel e involunt\u00e1rio de tempestades, raios e trov\u00f5es que pode causar ansiedade, p\u00e2nico, taquicardia, suor, tremores, n\u00e1useas e at\u00e9 desmaios em algumas pessoas.\u00a0As mudan\u00e7as clim\u00e1ticas s\u00e3o acontecimentos da natureza que as pessoas enfrentam de maneira negativa.<\/p>\n<p style=\"text-align: justify;\">\u00a0As pessoas que t\u00eam brontofobia t\u00eam medo exagerado e irracional das mudan\u00e7as clim\u00e1ticas e como consequ\u00eancia desenvolvem uma resposta de ansiedade todas as vezes que s\u00e3o expostas a tempestades. A brontofobia em geral se desenvolve na inf\u00e2ncia e pode afetar tamb\u00e9m pessoas adultas.<\/p>\n<p style=\"text-align: justify;\">Esse medo pode ser desencadeado por experi\u00eancias traum\u00e1ticas, como, presenciar um inc\u00eandio causado por um rel\u00e2mpago, ou ouvir hist\u00f3rias assustadoras sobre tempestades ou de algu\u00e9m que foi atingido por um raio. A brontofobia pode afetar a qualidade de vida das pessoas, impedindo-as de sair de casa, viajar, trabalhar ou estudar em dias de chuva ou com previs\u00e3o de tempestade.<\/p>\n<p style=\"text-align: justify;\">\u00a0Se esse medo n\u00e3o for tratado corretamente pode se intensificar e at\u00e9 se tornar uma fobia na fase adulta e desencadear alguns transtornos psicol\u00f3gicos como ataques de p\u00e2nico, ansiedade generalizada, <strong>Transtorno de Estresse P\u00f3s-Traum\u00e1tico entre outros.<\/strong><\/p>\n<p style=\"text-align: justify;\">\u00a0As caracter\u00edsticas da brontofobia s\u00e3o muito claras quando a pessoa sente sensa\u00e7\u00e3o de terror, p\u00e2nico, ansiedade e perturba\u00e7\u00e3o diante de um tempo de chuva. Os sintomas podem variar de pessoa para pessoa e se apresenta em tr\u00eas categorias, sintomas f\u00edsicos, cognitivo e comportamentais.<\/p>\n<p style=\"text-align: justify;\">Os sintomas f\u00edsicos incluem aumento da frequ\u00eancia card\u00edaca, respira\u00e7\u00e3o alterada, falta de ar, tens\u00e3o muscular, diarreia, entre outras. Nos sintomas cognitivos os pensamentos podem ser catastr\u00f3ficos, ideias desagrad\u00e1veis e medo de perder o controle e irritabilidade.<\/p>\n<p style=\"text-align: justify;\">O tratamento inclui terapias com psic\u00f3logo da \u00e1rea comportamental. A pessoa f\u00f3bica tem comportamento de fuga diante da situa\u00e7\u00e3o amea\u00e7adora. Tecnica de relaxamento pode ser uma grande ajuda no tratamento e ajudar a pessoa a ter uma vida normal.<\/p>\n<p style=\"text-align: justify;\"><img loading=\"lazy\" decoding=\"async\" class=\"alignnone size-full wp-image-82266\" src=\"https:\/\/jorgezanoni.com.br\/2019\/wp-content\/uploads\/2023\/11\/Cidinha-Pascoaloto-2.jpg\" alt=\"\" width=\"500\" height=\"755\" srcset=\"https:\/\/jorgezanoni.com.br\/2019\/wp-content\/uploads\/2023\/11\/Cidinha-Pascoaloto-2.jpg 500w, https:\/\/jorgezanoni.com.br\/2019\/wp-content\/uploads\/2023\/11\/Cidinha-Pascoaloto-2-199x300.jpg 199w, https:\/\/jorgezanoni.com.br\/2019\/wp-content\/uploads\/2023\/11\/Cidinha-Pascoaloto-2-278x420.jpg 278w\" sizes=\"auto, (max-width: 500px) 100vw, 500px\" \/>\u00a0Cidinha Pascoaloto-Psic\u00f3loga com foco no luto-CRP 06\/158174. Presencial e online, contato: (18) 99725-6418<\/p>\n<p>&nbsp;<\/p>\n","protected":false},"excerpt":{"rendered":"<p>\u00a0A brontofobia \u00e9 o transtorno de ansiedade que est\u00e1 relacionado ao medo f\u00f3bico, excessivo e incontrol\u00e1vel e involunt\u00e1rio de tempestades, raios e trov\u00f5es que pode causar ansiedade, p\u00e2nico, taquicardia, suor, tremores, n\u00e1useas e at\u00e9 desmaios em algumas pessoas.\u00a0As mudan\u00e7as clim\u00e1ticas s\u00e3o acontecimentos da natureza que as pessoas enfrentam de maneira negativa. \u00a0As pessoas que t\u00eam [&hellip;]<\/p>\n","protected":false},"author":1,"featured_media":82267,"comment_status":"closed","ping_status":"open","sticky":false,"template":"","format":"standard","meta":{"footnotes":""},"categories":[175],"tags":[],"class_list":["post-82265","post","type-post","status-publish","format-standard","has-post-thumbnail","hentry","category-artigos"],"_links":{"self":[{"href":"https:\/\/jorgezanoni.com.br\/2019\/wp-json\/wp\/v2\/posts\/82265","targetHints":{"allow":["GET"]}}],"collection":[{"href":"https:\/\/jorgezanoni.com.br\/2019\/wp-json\/wp\/v2\/posts"}],"about":[{"href":"https:\/\/jorgezanoni.com.br\/2019\/wp-json\/wp\/v2\/types\/post"}],"author":[{"embeddable":true,"href":"https:\/\/jorgezanoni.com.br\/2019\/wp-json\/wp\/v2\/users\/1"}],"replies":[{"embeddable":true,"href":"https:\/\/jorgezanoni.com.br\/2019\/wp-json\/wp\/v2\/comments?post=82265"}],"version-history":[{"count":1,"href":"https:\/\/jorgezanoni.com.br\/2019\/wp-json\/wp\/v2\/posts\/82265\/revisions"}],"predecessor-version":[{"id":82268,"href":"https:\/\/jorgezanoni.com.br\/2019\/wp-json\/wp\/v2\/posts\/82265\/revisions\/82268"}],"wp:featuredmedia":[{"embeddable":true,"href":"https:\/\/jorgezanoni.com.br\/2019\/wp-json\/wp\/v2\/media\/82267"}],"wp:attachment":[{"href":"https:\/\/jorgezanoni.com.br\/2019\/wp-json\/wp\/v2\/media?parent=82265"}],"wp:term":[{"taxonomy":"category","embeddable":true,"href":"https:\/\/jorgezanoni.com.br\/2019\/wp-json\/wp\/v2\/categories?post=82265"},{"taxonomy":"post_tag","embeddable":true,"href":"https:\/\/jorgezanoni.com.br\/2019\/wp-json\/wp\/v2\/tags?post=82265"}],"curies":[{"name":"wp","href":"https:\/\/api.w.org\/{rel}","templated":true}]}}