{"id":82221,"date":"2023-11-14T22:28:07","date_gmt":"2023-11-14T22:28:07","guid":{"rendered":"https:\/\/jorgezanoni.com.br\/2019\/?p=82221"},"modified":"2023-11-14T22:28:07","modified_gmt":"2023-11-14T22:28:07","slug":"policia-militar-prende-homem-por-receptacao-em-junqueiropolis","status":"publish","type":"post","link":"https:\/\/jorgezanoni.com.br\/2019\/policia-militar-prende-homem-por-receptacao-em-junqueiropolis\/","title":{"rendered":"Pol\u00edcia Militar prende homem por recepta\u00e7\u00e3o em Junqueir\u00f3polis"},"content":{"rendered":"<p style=\"text-align: justify;\">Nesta tarde (14) os policiais do 25\u2070 Batalh\u00e3o de Pol\u00edcia do Interior prenderam um homem por recepta\u00e7\u00e3o em Junqueir\u00f3polis.<br \/>\nA equipe durante patrulhamento recebeu informa\u00e7\u00f5es do local que estariam os objetos que foram furtados em data anterior, iniciando as dilig\u00eancias a equipe localizou o suspeito que informou ter adquirido o aparelho no bairro Jardim Alvorada, realizado o contato com a v\u00edtima que reconheceu o seu aparelho e outros objetos. Diante dos fatos foi dada voz de pris\u00e3o ao autor e encaminhado ao Plant\u00e3o de Pol\u00edcia Judici\u00e1ria de Junqueir\u00f3polis, permanecendo \u00e0 disposi\u00e7\u00e3o da Justi\u00e7a.<\/p>\n<p>Fonte: Com. Social Pol\u00edcia Militar<\/p>\n","protected":false},"excerpt":{"rendered":"<p>Nesta tarde (14) os policiais do 25\u2070 Batalh\u00e3o de Pol\u00edcia do Interior prenderam um homem por recepta\u00e7\u00e3o em Junqueir\u00f3polis. A equipe durante patrulhamento recebeu informa\u00e7\u00f5es do local que estariam os objetos que foram furtados em data anterior, iniciando as dilig\u00eancias a equipe localizou o suspeito que informou ter adquirido o aparelho no bairro Jardim Alvorada, [&hellip;]<\/p>\n","protected":false},"author":1,"featured_media":82222,"comment_status":"closed","ping_status":"open","sticky":false,"template":"","format":"standard","meta":{"footnotes":""},"categories":[110,2],"tags":[],"class_list":["post-82221","post","type-post","status-publish","format-standard","has-post-thumbnail","hentry","category-noticiasdestaque","category-policial"],"_links":{"self":[{"href":"https:\/\/jorgezanoni.com.br\/2019\/wp-json\/wp\/v2\/posts\/82221","targetHints":{"allow":["GET"]}}],"collection":[{"href":"https:\/\/jorgezanoni.com.br\/2019\/wp-json\/wp\/v2\/posts"}],"about":[{"href":"https:\/\/jorgezanoni.com.br\/2019\/wp-json\/wp\/v2\/types\/post"}],"author":[{"embeddable":true,"href":"https:\/\/jorgezanoni.com.br\/2019\/wp-json\/wp\/v2\/users\/1"}],"replies":[{"embeddable":true,"href":"https:\/\/jorgezanoni.com.br\/2019\/wp-json\/wp\/v2\/comments?post=82221"}],"version-history":[{"count":1,"href":"https:\/\/jorgezanoni.com.br\/2019\/wp-json\/wp\/v2\/posts\/82221\/revisions"}],"predecessor-version":[{"id":82223,"href":"https:\/\/jorgezanoni.com.br\/2019\/wp-json\/wp\/v2\/posts\/82221\/revisions\/82223"}],"wp:featuredmedia":[{"embeddable":true,"href":"https:\/\/jorgezanoni.com.br\/2019\/wp-json\/wp\/v2\/media\/82222"}],"wp:attachment":[{"href":"https:\/\/jorgezanoni.com.br\/2019\/wp-json\/wp\/v2\/media?parent=82221"}],"wp:term":[{"taxonomy":"category","embeddable":true,"href":"https:\/\/jorgezanoni.com.br\/2019\/wp-json\/wp\/v2\/categories?post=82221"},{"taxonomy":"post_tag","embeddable":true,"href":"https:\/\/jorgezanoni.com.br\/2019\/wp-json\/wp\/v2\/tags?post=82221"}],"curies":[{"name":"wp","href":"https:\/\/api.w.org\/{rel}","templated":true}]}}