{"id":82172,"date":"2023-11-13T17:06:42","date_gmt":"2023-11-13T17:06:42","guid":{"rendered":"https:\/\/jorgezanoni.com.br\/2019\/?p=82172"},"modified":"2023-11-13T17:06:42","modified_gmt":"2023-11-13T17:06:42","slug":"policia-civil-esclarece-furto-de-veiculo-ocorrido-em-outubro-em-junqueiropolis","status":"publish","type":"post","link":"https:\/\/jorgezanoni.com.br\/2019\/policia-civil-esclarece-furto-de-veiculo-ocorrido-em-outubro-em-junqueiropolis\/","title":{"rendered":"Pol\u00edcia Civil esclarece furto de ve\u00edculo ocorrido em outubro em Junqueir\u00f3polis"},"content":{"rendered":"<p style=\"text-align: justify;\"><strong>POL\u00cdCIA CIVIL ESCLARECE FURTO DE VE\u00cdCULO OCORRIDO EM OUTUBRO NO BAIRRO JARDIM ALTO DA ESTA\u00c7\u00c3O EM JUNQUEIR\u00d3POLIS.<\/strong><\/p>\n<p style=\"text-align: justify;\">A Pol\u00edcia Civil, por interm\u00e9dio da Delegacia de Pol\u00edcia de Junqueir\u00f3polis, esclareceu nesta segunda-feira (13) a autoria de um crime de furto de autom\u00f3vel registrado no \u00faltimo m\u00eas de outubro. Na ocasi\u00e3o, o ve\u00edculo, que estava estacionado em frente \u00e0 resid\u00eancia da v\u00edtima, foi subtra\u00eddo durante a madrugada do dia 2 de outubro.<\/p>\n<p style=\"text-align: justify;\">Ainda no mesmo dia, a Pol\u00edcia Civil, durante dilig\u00eancias, localizou e apreendeu o ve\u00edculo furtado. Ap\u00f3s passar por per\u00edcia, o autom\u00f3vel foi devolvido ao propriet\u00e1rio. Continuando os trabalhos de investiga\u00e7\u00e3o para identifica\u00e7\u00e3o do prov\u00e1vel autor do crime, com base em laudos periciais confeccionados, a Pol\u00edcia Civil identificou o suspeito, um homem de 34 anos, residente no munic\u00edpio de Junqueir\u00f3polis (SP).<\/p>\n<p style=\"text-align: justify;\">O acusado, n\u00e3o estando mais em situa\u00e7\u00e3o flagrante, ser\u00e1 formalmente indiciado e responder\u00e1 em liberdade pelo crime de furto qualificado.<\/p>\n<p>Fonte: Com: Social Pol\u00edcia Civil<\/p>\n","protected":false},"excerpt":{"rendered":"<p>POL\u00cdCIA CIVIL ESCLARECE FURTO DE VE\u00cdCULO OCORRIDO EM OUTUBRO NO BAIRRO JARDIM ALTO DA ESTA\u00c7\u00c3O EM JUNQUEIR\u00d3POLIS. A Pol\u00edcia Civil, por interm\u00e9dio da Delegacia de Pol\u00edcia de Junqueir\u00f3polis, esclareceu nesta segunda-feira (13) a autoria de um crime de furto de autom\u00f3vel registrado no \u00faltimo m\u00eas de outubro. Na ocasi\u00e3o, o ve\u00edculo, que estava estacionado em [&hellip;]<\/p>\n","protected":false},"author":1,"featured_media":82173,"comment_status":"closed","ping_status":"open","sticky":false,"template":"","format":"standard","meta":{"footnotes":""},"categories":[110,2],"tags":[],"class_list":["post-82172","post","type-post","status-publish","format-standard","has-post-thumbnail","hentry","category-noticiasdestaque","category-policial"],"_links":{"self":[{"href":"https:\/\/jorgezanoni.com.br\/2019\/wp-json\/wp\/v2\/posts\/82172","targetHints":{"allow":["GET"]}}],"collection":[{"href":"https:\/\/jorgezanoni.com.br\/2019\/wp-json\/wp\/v2\/posts"}],"about":[{"href":"https:\/\/jorgezanoni.com.br\/2019\/wp-json\/wp\/v2\/types\/post"}],"author":[{"embeddable":true,"href":"https:\/\/jorgezanoni.com.br\/2019\/wp-json\/wp\/v2\/users\/1"}],"replies":[{"embeddable":true,"href":"https:\/\/jorgezanoni.com.br\/2019\/wp-json\/wp\/v2\/comments?post=82172"}],"version-history":[{"count":1,"href":"https:\/\/jorgezanoni.com.br\/2019\/wp-json\/wp\/v2\/posts\/82172\/revisions"}],"predecessor-version":[{"id":82174,"href":"https:\/\/jorgezanoni.com.br\/2019\/wp-json\/wp\/v2\/posts\/82172\/revisions\/82174"}],"wp:featuredmedia":[{"embeddable":true,"href":"https:\/\/jorgezanoni.com.br\/2019\/wp-json\/wp\/v2\/media\/82173"}],"wp:attachment":[{"href":"https:\/\/jorgezanoni.com.br\/2019\/wp-json\/wp\/v2\/media?parent=82172"}],"wp:term":[{"taxonomy":"category","embeddable":true,"href":"https:\/\/jorgezanoni.com.br\/2019\/wp-json\/wp\/v2\/categories?post=82172"},{"taxonomy":"post_tag","embeddable":true,"href":"https:\/\/jorgezanoni.com.br\/2019\/wp-json\/wp\/v2\/tags?post=82172"}],"curies":[{"name":"wp","href":"https:\/\/api.w.org\/{rel}","templated":true}]}}