{"id":82169,"date":"2023-11-13T16:48:35","date_gmt":"2023-11-13T16:48:35","guid":{"rendered":"https:\/\/jorgezanoni.com.br\/2019\/?p=82169"},"modified":"2023-11-13T16:48:35","modified_gmt":"2023-11-13T16:48:35","slug":"policia-civil-prende-homem-procurado-pela-justica-condenado-a-20-anos-por-crime-de-estupro-de-vulneravel-em-dracena","status":"publish","type":"post","link":"https:\/\/jorgezanoni.com.br\/2019\/policia-civil-prende-homem-procurado-pela-justica-condenado-a-20-anos-por-crime-de-estupro-de-vulneravel-em-dracena\/","title":{"rendered":"Pol\u00edcia Civil prende homem procurado pela Justi\u00e7a condenado a 20 anos por crime de estupro de vulner\u00e1vel em Dracena"},"content":{"rendered":"<p style=\"text-align: justify;\">A Pol\u00edcia Civil, por interm\u00e9dio das Unidades Especializadas-DIG\/DISE, efetuou nesta segunda-feira (13) a pris\u00e3o de um homem de 41 anos, em cumprimento ao mandado de pris\u00e3o condenat\u00f3ria definitiva. O homem foi condenado a 20 anos de pris\u00e3o em regime fechado por crime de estupro de vulner\u00e1vel. A deten\u00e7\u00e3o ocorreu em uma resid\u00eancia situada no bairro Metr\u00f3pole, em Dracena (SP).<\/p>\n<p style=\"text-align: justify;\">A a\u00e7\u00e3o policial foi resultado de um trabalho investigativo conduzido por agentes das Unidades Especializadas, que identificaram a presen\u00e7a do procurado na cidade de Dracena (SP). O mandado de pris\u00e3o foi emitido pela Comarca de Ribeir\u00e3o Preto, sendo a condena\u00e7\u00e3o originada de um inqu\u00e9rito policial instaurado em 2016 pela Delegacia de Defesa da Mulher de Ribeir\u00e3o Preto.<\/p>\n<p style=\"text-align: justify;\">Durante o cumprimento do mandado de pris\u00e3o, o indiv\u00edduo n\u00e3o apresentou resist\u00eancia ou oposi\u00e7\u00e3o ao trabalho policial. Ele foi conduzido ao Plant\u00e3o da Central de Pol\u00edcia Judici\u00e1ria para formaliza\u00e7\u00e3o dos procedimentos necess\u00e1rios, aguardando a audi\u00eancia de cust\u00f3dia. Posteriormente, ser\u00e1 encaminhado ao sistema prisional, ficando \u00e0 disposi\u00e7\u00e3o da Justi\u00e7a.<\/p>\n<p>Fonte: Com. Social Pol\u00edcia Civil<\/p>\n","protected":false},"excerpt":{"rendered":"<p>A Pol\u00edcia Civil, por interm\u00e9dio das Unidades Especializadas-DIG\/DISE, efetuou nesta segunda-feira (13) a pris\u00e3o de um homem de 41 anos, em cumprimento ao mandado de pris\u00e3o condenat\u00f3ria definitiva. O homem foi condenado a 20 anos de pris\u00e3o em regime fechado por crime de estupro de vulner\u00e1vel. A deten\u00e7\u00e3o ocorreu em uma resid\u00eancia situada no bairro [&hellip;]<\/p>\n","protected":false},"author":1,"featured_media":82170,"comment_status":"closed","ping_status":"open","sticky":false,"template":"","format":"standard","meta":{"footnotes":""},"categories":[110,2],"tags":[],"class_list":["post-82169","post","type-post","status-publish","format-standard","has-post-thumbnail","hentry","category-noticiasdestaque","category-policial"],"_links":{"self":[{"href":"https:\/\/jorgezanoni.com.br\/2019\/wp-json\/wp\/v2\/posts\/82169","targetHints":{"allow":["GET"]}}],"collection":[{"href":"https:\/\/jorgezanoni.com.br\/2019\/wp-json\/wp\/v2\/posts"}],"about":[{"href":"https:\/\/jorgezanoni.com.br\/2019\/wp-json\/wp\/v2\/types\/post"}],"author":[{"embeddable":true,"href":"https:\/\/jorgezanoni.com.br\/2019\/wp-json\/wp\/v2\/users\/1"}],"replies":[{"embeddable":true,"href":"https:\/\/jorgezanoni.com.br\/2019\/wp-json\/wp\/v2\/comments?post=82169"}],"version-history":[{"count":1,"href":"https:\/\/jorgezanoni.com.br\/2019\/wp-json\/wp\/v2\/posts\/82169\/revisions"}],"predecessor-version":[{"id":82171,"href":"https:\/\/jorgezanoni.com.br\/2019\/wp-json\/wp\/v2\/posts\/82169\/revisions\/82171"}],"wp:featuredmedia":[{"embeddable":true,"href":"https:\/\/jorgezanoni.com.br\/2019\/wp-json\/wp\/v2\/media\/82170"}],"wp:attachment":[{"href":"https:\/\/jorgezanoni.com.br\/2019\/wp-json\/wp\/v2\/media?parent=82169"}],"wp:term":[{"taxonomy":"category","embeddable":true,"href":"https:\/\/jorgezanoni.com.br\/2019\/wp-json\/wp\/v2\/categories?post=82169"},{"taxonomy":"post_tag","embeddable":true,"href":"https:\/\/jorgezanoni.com.br\/2019\/wp-json\/wp\/v2\/tags?post=82169"}],"curies":[{"name":"wp","href":"https:\/\/api.w.org\/{rel}","templated":true}]}}