{"id":81984,"date":"2023-11-09T11:12:24","date_gmt":"2023-11-09T11:12:24","guid":{"rendered":"https:\/\/jorgezanoni.com.br\/2019\/?p=81984"},"modified":"2023-11-09T11:12:24","modified_gmt":"2023-11-09T11:12:24","slug":"policia-militar-prende-homem-por-trafico-de-drogas-e-apreende-180-pedras-de-crack-cocaina-e-dinheiro-em-pauliceia","status":"publish","type":"post","link":"https:\/\/jorgezanoni.com.br\/2019\/policia-militar-prende-homem-por-trafico-de-drogas-e-apreende-180-pedras-de-crack-cocaina-e-dinheiro-em-pauliceia\/","title":{"rendered":"Pol\u00edcia Militar prende homem por Tr\u00e1fico de Drogas e apreende 180 pedras de Crack, Cocaina e dinheiro em Paulic\u00e9ia"},"content":{"rendered":"<p style=\"text-align: justify;\"><strong>POL\u00cdCIA MILITAR PRENDE HOMEM POR TR\u00c1FICO DE DROGAS EM PAULIC\u00c9IA E ENTRE AS APREENS\u00d5ES LOCALIZA 180 PEDRAS DE CRACK, DINHEIRO E COCA\u00cdNA.<\/strong><\/p>\n<p style=\"text-align: justify;\">Na data de hoje (8) ap\u00f3s den\u00fancia aos policiais militares de Paulic\u00e9ia pertencente ao 25\u00b0 Batalh\u00e3o de Pol\u00edcia Militar do Interior sobre tr\u00e1fico de drogas em uma resid\u00eancia na \u00e1rea central da cidade.<br \/>\nAo verificar a den\u00fancia no local o indiciado recebeu a guarni\u00e7\u00e3o e diante da den\u00fancia a entrada foi franqueada pela am\u00e1sia, e no momento em que o indiciado visualizou as equipes policiais pela grade ele pegou um frasco que estava sobre a mesa e tentou correr sendo contido pelas equipes, e ao averiguar no interior do frasco, foi verificado que havia180 pedras de crack j\u00e1 fracionadas em 36 por\u00e7\u00f5es com 5 inv\u00f3lucros cada, e que ap\u00f3s pesagem constatou 0,020 kg de crack, e a quantia de R$ 58,00.<br \/>\nFoi realizado buscas na resid\u00eancia e encontrado entre os tijolos da parede na cozinha e corredor uma pedra bruta de crack, que ap\u00f3s pesada constatou 0,009 kg, 11 inv\u00f3lucros de cocaina que ap\u00f3s pesada constatou 0,004 kg, e a quantia de R$ 1000,00 em notas diversas.<br \/>\nDiante dos fatos, foi dada voz de pris\u00e3o em flagrante ao autor e conduzido ao Plant\u00e3o de Pol\u00edcia Judici\u00e1ria de Dracena permanecendo o autor a disposi\u00e7\u00e3o da Justi\u00e7a.<\/p>\n<p>Fonte: Com. Social Pol\u00edcia Militar<\/p>\n","protected":false},"excerpt":{"rendered":"<p>POL\u00cdCIA MILITAR PRENDE HOMEM POR TR\u00c1FICO DE DROGAS EM PAULIC\u00c9IA E ENTRE AS APREENS\u00d5ES LOCALIZA 180 PEDRAS DE CRACK, DINHEIRO E COCA\u00cdNA. Na data de hoje (8) ap\u00f3s den\u00fancia aos policiais militares de Paulic\u00e9ia pertencente ao 25\u00b0 Batalh\u00e3o de Pol\u00edcia Militar do Interior sobre tr\u00e1fico de drogas em uma resid\u00eancia na \u00e1rea central da cidade. [&hellip;]<\/p>\n","protected":false},"author":1,"featured_media":81985,"comment_status":"closed","ping_status":"open","sticky":false,"template":"","format":"standard","meta":{"footnotes":""},"categories":[110,2],"tags":[],"class_list":["post-81984","post","type-post","status-publish","format-standard","has-post-thumbnail","hentry","category-noticiasdestaque","category-policial"],"_links":{"self":[{"href":"https:\/\/jorgezanoni.com.br\/2019\/wp-json\/wp\/v2\/posts\/81984","targetHints":{"allow":["GET"]}}],"collection":[{"href":"https:\/\/jorgezanoni.com.br\/2019\/wp-json\/wp\/v2\/posts"}],"about":[{"href":"https:\/\/jorgezanoni.com.br\/2019\/wp-json\/wp\/v2\/types\/post"}],"author":[{"embeddable":true,"href":"https:\/\/jorgezanoni.com.br\/2019\/wp-json\/wp\/v2\/users\/1"}],"replies":[{"embeddable":true,"href":"https:\/\/jorgezanoni.com.br\/2019\/wp-json\/wp\/v2\/comments?post=81984"}],"version-history":[{"count":1,"href":"https:\/\/jorgezanoni.com.br\/2019\/wp-json\/wp\/v2\/posts\/81984\/revisions"}],"predecessor-version":[{"id":81986,"href":"https:\/\/jorgezanoni.com.br\/2019\/wp-json\/wp\/v2\/posts\/81984\/revisions\/81986"}],"wp:featuredmedia":[{"embeddable":true,"href":"https:\/\/jorgezanoni.com.br\/2019\/wp-json\/wp\/v2\/media\/81985"}],"wp:attachment":[{"href":"https:\/\/jorgezanoni.com.br\/2019\/wp-json\/wp\/v2\/media?parent=81984"}],"wp:term":[{"taxonomy":"category","embeddable":true,"href":"https:\/\/jorgezanoni.com.br\/2019\/wp-json\/wp\/v2\/categories?post=81984"},{"taxonomy":"post_tag","embeddable":true,"href":"https:\/\/jorgezanoni.com.br\/2019\/wp-json\/wp\/v2\/tags?post=81984"}],"curies":[{"name":"wp","href":"https:\/\/api.w.org\/{rel}","templated":true}]}}