{"id":81975,"date":"2023-11-09T01:47:32","date_gmt":"2023-11-09T01:47:32","guid":{"rendered":"https:\/\/jorgezanoni.com.br\/2019\/?p=81975"},"modified":"2023-11-09T15:59:12","modified_gmt":"2023-11-09T15:59:12","slug":"apos-se-envolver-em-batida-no-centro-de-dracena-moto-fica-de-rodas-para-o-ar","status":"publish","type":"post","link":"https:\/\/jorgezanoni.com.br\/2019\/apos-se-envolver-em-batida-no-centro-de-dracena-moto-fica-de-rodas-para-o-ar\/","title":{"rendered":"Ap\u00f3s se envolver em batida no centro de Dracena Moto fica de rodas para o ar"},"content":{"rendered":"<p style=\"text-align: justify;\"><strong>Acidente foi por volta de 14:30 Horas desta quarta-feira (8) na esquina da Avenida Rui Barbosa com Rua XV de Novrmbro.<\/strong><\/p>\n<p style=\"text-align: justify;\">Segundo informa\u00e7\u00f5es obtidas no local pela reportagem do SITE JZ e TOP TV, a moto fazia o sentido centro-bairro pela Rui Barbosa e o ve\u00edculo o contr\u00e1rio bairro-centro. Quando o ve\u00edculo Gol foi adentrar a esquerda na Rua XV de Novembro, acabou acontecendo a batida.<\/p>\n<p style=\"text-align: justify;\">Com o impacto o condutor vou arremessado ao solo e sua motocicleta ficou com as duas rodas para o ar.<\/p>\n<p style=\"text-align: justify;\">Uma Unidade de Resgate do Corpo de Bombeiros socorreu o condutor da moto at\u00e9 o Pronto Atendimento Municipal com escoria\u00e7\u00f5es e deveria tamb\u00e9m passar pelo Raio-X.<\/p>\n<p style=\"text-align: justify;\">A Pol\u00edcia Militar esteve no local registrando o B.O e controlando o tr\u00e2nsito. A Pol\u00edcia T\u00e9cnica compareceu ao local para os devidos registros e apura\u00e7\u00e3o das causas do acidente.<\/p>\n<p><img loading=\"lazy\" decoding=\"async\" class=\"alignnone size-full wp-image-81976\" src=\"https:\/\/jorgezanoni.com.br\/2019\/wp-content\/uploads\/2023\/11\/IMG_8346-1-Pequeno.jpg\" alt=\"\" width=\"573\" height=\"480\" srcset=\"https:\/\/jorgezanoni.com.br\/2019\/wp-content\/uploads\/2023\/11\/IMG_8346-1-Pequeno.jpg 573w, https:\/\/jorgezanoni.com.br\/2019\/wp-content\/uploads\/2023\/11\/IMG_8346-1-Pequeno-300x251.jpg 300w, https:\/\/jorgezanoni.com.br\/2019\/wp-content\/uploads\/2023\/11\/IMG_8346-1-Pequeno-501x420.jpg 501w\" sizes=\"auto, (max-width: 573px) 100vw, 573px\" \/> <img loading=\"lazy\" decoding=\"async\" class=\"alignnone size-full wp-image-81977\" src=\"https:\/\/jorgezanoni.com.br\/2019\/wp-content\/uploads\/2023\/11\/IMG_8347-1-Pequeno.jpg\" alt=\"\" width=\"480\" height=\"505\" srcset=\"https:\/\/jorgezanoni.com.br\/2019\/wp-content\/uploads\/2023\/11\/IMG_8347-1-Pequeno.jpg 480w, https:\/\/jorgezanoni.com.br\/2019\/wp-content\/uploads\/2023\/11\/IMG_8347-1-Pequeno-285x300.jpg 285w, https:\/\/jorgezanoni.com.br\/2019\/wp-content\/uploads\/2023\/11\/IMG_8347-1-Pequeno-399x420.jpg 399w\" sizes=\"auto, (max-width: 480px) 100vw, 480px\" \/> <img loading=\"lazy\" decoding=\"async\" class=\"alignnone size-full wp-image-81978\" src=\"https:\/\/jorgezanoni.com.br\/2019\/wp-content\/uploads\/2023\/11\/IMG_8348-1-Pequeno.jpg\" alt=\"\" width=\"744\" height=\"480\" srcset=\"https:\/\/jorgezanoni.com.br\/2019\/wp-content\/uploads\/2023\/11\/IMG_8348-1-Pequeno.jpg 744w, https:\/\/jorgezanoni.com.br\/2019\/wp-content\/uploads\/2023\/11\/IMG_8348-1-Pequeno-300x194.jpg 300w, https:\/\/jorgezanoni.com.br\/2019\/wp-content\/uploads\/2023\/11\/IMG_8348-1-Pequeno-696x449.jpg 696w, https:\/\/jorgezanoni.com.br\/2019\/wp-content\/uploads\/2023\/11\/IMG_8348-1-Pequeno-651x420.jpg 651w\" sizes=\"auto, (max-width: 744px) 100vw, 744px\" \/> <img loading=\"lazy\" decoding=\"async\" class=\"alignnone size-full wp-image-81979\" src=\"https:\/\/jorgezanoni.com.br\/2019\/wp-content\/uploads\/2023\/11\/IMG_8349-1-Pequeno.jpg\" alt=\"\" width=\"626\" height=\"480\" srcset=\"https:\/\/jorgezanoni.com.br\/2019\/wp-content\/uploads\/2023\/11\/IMG_8349-1-Pequeno.jpg 626w, https:\/\/jorgezanoni.com.br\/2019\/wp-content\/uploads\/2023\/11\/IMG_8349-1-Pequeno-300x230.jpg 300w, https:\/\/jorgezanoni.com.br\/2019\/wp-content\/uploads\/2023\/11\/IMG_8349-1-Pequeno-80x60.jpg 80w, https:\/\/jorgezanoni.com.br\/2019\/wp-content\/uploads\/2023\/11\/IMG_8349-1-Pequeno-548x420.jpg 548w\" sizes=\"auto, (max-width: 626px) 100vw, 626px\" \/> <img loading=\"lazy\" decoding=\"async\" class=\"alignnone size-full wp-image-81980\" src=\"https:\/\/jorgezanoni.com.br\/2019\/wp-content\/uploads\/2023\/11\/IMG_8350-1-Pequeno.jpg\" alt=\"\" width=\"728\" height=\"480\" srcset=\"https:\/\/jorgezanoni.com.br\/2019\/wp-content\/uploads\/2023\/11\/IMG_8350-1-Pequeno.jpg 728w, https:\/\/jorgezanoni.com.br\/2019\/wp-content\/uploads\/2023\/11\/IMG_8350-1-Pequeno-300x198.jpg 300w, https:\/\/jorgezanoni.com.br\/2019\/wp-content\/uploads\/2023\/11\/IMG_8350-1-Pequeno-696x459.jpg 696w, https:\/\/jorgezanoni.com.br\/2019\/wp-content\/uploads\/2023\/11\/IMG_8350-1-Pequeno-637x420.jpg 637w\" sizes=\"auto, (max-width: 728px) 100vw, 728px\" \/> <img loading=\"lazy\" decoding=\"async\" class=\"alignnone size-full wp-image-81981\" src=\"https:\/\/jorgezanoni.com.br\/2019\/wp-content\/uploads\/2023\/11\/IMG_8351-1-Pequeno.jpg\" alt=\"\" width=\"668\" height=\"480\" srcset=\"https:\/\/jorgezanoni.com.br\/2019\/wp-content\/uploads\/2023\/11\/IMG_8351-1-Pequeno.jpg 668w, https:\/\/jorgezanoni.com.br\/2019\/wp-content\/uploads\/2023\/11\/IMG_8351-1-Pequeno-300x216.jpg 300w, https:\/\/jorgezanoni.com.br\/2019\/wp-content\/uploads\/2023\/11\/IMG_8351-1-Pequeno-585x420.jpg 585w\" sizes=\"auto, (max-width: 668px) 100vw, 668px\" \/><\/p>\n<p>Jorge Zanoni<\/p>\n","protected":false},"excerpt":{"rendered":"<p>Acidente foi por volta de 14:30 Horas desta quarta-feira (8) na esquina da Avenida Rui Barbosa com Rua XV de Novrmbro. Segundo informa\u00e7\u00f5es obtidas no local pela reportagem do SITE JZ e TOP TV, a moto fazia o sentido centro-bairro pela Rui Barbosa e o ve\u00edculo o contr\u00e1rio bairro-centro. Quando o ve\u00edculo Gol foi adentrar [&hellip;]<\/p>\n","protected":false},"author":1,"featured_media":81982,"comment_status":"closed","ping_status":"open","sticky":false,"template":"","format":"standard","meta":{"footnotes":""},"categories":[170,110],"tags":[],"class_list":["post-81975","post","type-post","status-publish","format-standard","has-post-thumbnail","hentry","category-acidentes","category-noticiasdestaque"],"_links":{"self":[{"href":"https:\/\/jorgezanoni.com.br\/2019\/wp-json\/wp\/v2\/posts\/81975","targetHints":{"allow":["GET"]}}],"collection":[{"href":"https:\/\/jorgezanoni.com.br\/2019\/wp-json\/wp\/v2\/posts"}],"about":[{"href":"https:\/\/jorgezanoni.com.br\/2019\/wp-json\/wp\/v2\/types\/post"}],"author":[{"embeddable":true,"href":"https:\/\/jorgezanoni.com.br\/2019\/wp-json\/wp\/v2\/users\/1"}],"replies":[{"embeddable":true,"href":"https:\/\/jorgezanoni.com.br\/2019\/wp-json\/wp\/v2\/comments?post=81975"}],"version-history":[{"count":3,"href":"https:\/\/jorgezanoni.com.br\/2019\/wp-json\/wp\/v2\/posts\/81975\/revisions"}],"predecessor-version":[{"id":81993,"href":"https:\/\/jorgezanoni.com.br\/2019\/wp-json\/wp\/v2\/posts\/81975\/revisions\/81993"}],"wp:featuredmedia":[{"embeddable":true,"href":"https:\/\/jorgezanoni.com.br\/2019\/wp-json\/wp\/v2\/media\/81982"}],"wp:attachment":[{"href":"https:\/\/jorgezanoni.com.br\/2019\/wp-json\/wp\/v2\/media?parent=81975"}],"wp:term":[{"taxonomy":"category","embeddable":true,"href":"https:\/\/jorgezanoni.com.br\/2019\/wp-json\/wp\/v2\/categories?post=81975"},{"taxonomy":"post_tag","embeddable":true,"href":"https:\/\/jorgezanoni.com.br\/2019\/wp-json\/wp\/v2\/tags?post=81975"}],"curies":[{"name":"wp","href":"https:\/\/api.w.org\/{rel}","templated":true}]}}