{"id":81972,"date":"2023-11-09T00:04:03","date_gmt":"2023-11-09T00:04:03","guid":{"rendered":"https:\/\/jorgezanoni.com.br\/2019\/?p=81972"},"modified":"2023-11-09T00:12:16","modified_gmt":"2023-11-09T00:12:16","slug":"policia-civil-apreende-adolescente-suspeito-de-atos-infracionais-analogos-ao-crime-de-furtos-de-bicicletas-e-motocicletas-em-dracena","status":"publish","type":"post","link":"https:\/\/jorgezanoni.com.br\/2019\/policia-civil-apreende-adolescente-suspeito-de-atos-infracionais-analogos-ao-crime-de-furtos-de-bicicletas-e-motocicletas-em-dracena\/","title":{"rendered":"Pol\u00edcia Civil apreende adolescente suspeito de atos infracionais an\u00e1logos ao crime de furtos de Bicicletas e Motocicletas em Dracena"},"content":{"rendered":"<p style=\"text-align: justify;\">A Pol\u00edcia Civil, por meio das Unidades Agrupadas 1\u00ba\/2\u00ba DP, apreendeu nesta quarta-feira (8) um adolescente, cuja idade n\u00e3o foi divulgada, suspeito de praticar v\u00e1rios furtos de bicicletas e motocicletas na cidade de Dracena (SP). Contra o menor, haviam dois mandados de busca e apreens\u00e3o expedidos pela 3\u00aa Vara Judicial da Comarca de Dracena.<\/p>\n<p style=\"text-align: justify;\">Ap\u00f3s um trabalho investigativo, a Pol\u00edcia Civil conseguiu relacionar o infrator a quatro furtos de bicicletas registrados e a um furto de motocicleta. As bicicletas e a motocicleta j\u00e1 foram recuperadas e devolvidas aos leg\u00edtimos propriet\u00e1rios. Uma representante do Conselho Tutelar esteve presente no Plant\u00e3o Policial, acompanhando o adolescente durante os tr\u00e2mites dos procedimentos de pol\u00edcia judici\u00e1ria.<\/p>\n<p style=\"text-align: justify;\">A apreens\u00e3o foi comunicada ao Ju\u00edzo da Inf\u00e2ncia e Juventude, e o infrator ser\u00e1 encaminhado para uma unidade da Funda\u00e7\u00e3o Casa, onde passar\u00e1 por audi\u00eancia de cust\u00f3dia.<\/p>\n<p style=\"text-align: justify;\">A Pol\u00edcia Civil destaca que o adolescente pode estar envolvido em outros casos de furtos, que ainda est\u00e3o sob investiga\u00e7\u00e3o. A popula\u00e7\u00e3o pode contribuir de forma an\u00f4nima, repassando informa\u00e7\u00f5es que possam auxiliar os trabalhos policiais. As den\u00fancias podem ser direcionadas para o telefone 197, com garantia de sigilo e anonimato.<\/p>\n<p>Fonte: Com. Social Pol\u00edcia Civil<\/p>\n","protected":false},"excerpt":{"rendered":"<p>A Pol\u00edcia Civil, por meio das Unidades Agrupadas 1\u00ba\/2\u00ba DP, apreendeu nesta quarta-feira (8) um adolescente, cuja idade n\u00e3o foi divulgada, suspeito de praticar v\u00e1rios furtos de bicicletas e motocicletas na cidade de Dracena (SP). Contra o menor, haviam dois mandados de busca e apreens\u00e3o expedidos pela 3\u00aa Vara Judicial da Comarca de Dracena. Ap\u00f3s [&hellip;]<\/p>\n","protected":false},"author":1,"featured_media":81973,"comment_status":"closed","ping_status":"open","sticky":false,"template":"","format":"standard","meta":{"footnotes":""},"categories":[110,2],"tags":[],"class_list":["post-81972","post","type-post","status-publish","format-standard","has-post-thumbnail","hentry","category-noticiasdestaque","category-policial"],"_links":{"self":[{"href":"https:\/\/jorgezanoni.com.br\/2019\/wp-json\/wp\/v2\/posts\/81972","targetHints":{"allow":["GET"]}}],"collection":[{"href":"https:\/\/jorgezanoni.com.br\/2019\/wp-json\/wp\/v2\/posts"}],"about":[{"href":"https:\/\/jorgezanoni.com.br\/2019\/wp-json\/wp\/v2\/types\/post"}],"author":[{"embeddable":true,"href":"https:\/\/jorgezanoni.com.br\/2019\/wp-json\/wp\/v2\/users\/1"}],"replies":[{"embeddable":true,"href":"https:\/\/jorgezanoni.com.br\/2019\/wp-json\/wp\/v2\/comments?post=81972"}],"version-history":[{"count":1,"href":"https:\/\/jorgezanoni.com.br\/2019\/wp-json\/wp\/v2\/posts\/81972\/revisions"}],"predecessor-version":[{"id":81974,"href":"https:\/\/jorgezanoni.com.br\/2019\/wp-json\/wp\/v2\/posts\/81972\/revisions\/81974"}],"wp:featuredmedia":[{"embeddable":true,"href":"https:\/\/jorgezanoni.com.br\/2019\/wp-json\/wp\/v2\/media\/81973"}],"wp:attachment":[{"href":"https:\/\/jorgezanoni.com.br\/2019\/wp-json\/wp\/v2\/media?parent=81972"}],"wp:term":[{"taxonomy":"category","embeddable":true,"href":"https:\/\/jorgezanoni.com.br\/2019\/wp-json\/wp\/v2\/categories?post=81972"},{"taxonomy":"post_tag","embeddable":true,"href":"https:\/\/jorgezanoni.com.br\/2019\/wp-json\/wp\/v2\/tags?post=81972"}],"curies":[{"name":"wp","href":"https:\/\/api.w.org\/{rel}","templated":true}]}}