{"id":81968,"date":"2023-11-08T23:56:45","date_gmt":"2023-11-08T23:56:45","guid":{"rendered":"https:\/\/jorgezanoni.com.br\/2019\/?p=81968"},"modified":"2023-11-08T23:56:45","modified_gmt":"2023-11-08T23:56:45","slug":"delegacia-de-defesa-da-mulher-ddm-de-dracena-esta-em-novo-endereco","status":"publish","type":"post","link":"https:\/\/jorgezanoni.com.br\/2019\/delegacia-de-defesa-da-mulher-ddm-de-dracena-esta-em-novo-endereco\/","title":{"rendered":"Delegacia de Defesa da Mulher (DDM) de Dracena est\u00e1 em novo endere\u00e7o"},"content":{"rendered":"<p style=\"text-align: justify;\">A DDM \u2013 Delegacia de Pol\u00edcia de Defesa da Mulher de Dracena, est\u00e1 em novo endere\u00e7o, assim como as demais unidades da Pol\u00edcia Civil e o Plant\u00e3o Policial Civil.<br \/>\nO dracenense e a popula\u00e7\u00e3o regional sabe que desde o ano anterior \u2013 2022 -, o pr\u00e9dio da antiga Delegacia de Pol\u00edcia do Munic\u00edpio, depois 1\u00ba e 2\u00ba Distritos Policiais, come\u00e7ou a ser reformado de forma espetacular, grandiosa e hoje, decorridos pouco mais de um ano e meio, uma nova apresenta\u00e7\u00e3o da Pol\u00edcia Civil est\u00e1 em fase final de realiza\u00e7\u00e3o para brevemente, muito em breve mesmo, ser entregue \u00e0 popula\u00e7\u00e3o local e regional.<br \/>\nO antigo pr\u00e9dio, totalmente reformado passa a abrigar as Unidades Agrupadas dos 1\u00ba\/2\u00ba Distritos Policiais, DIG\/DISE e Plant\u00e3o Policial, todos nos altos da Rua Martin Afonso n\u00ba 1421, no mesmo local da antiga Cadeia e Delegacia, no Bairro S\u00e3o Francisco, nas proximidades da antiga Esta\u00e7\u00e3o Ferrovi\u00e1ria e bem em frente do Albergue Municipal.<br \/>\nNa \u00e1rea ao lado, existia uma constru\u00e7\u00e3o que abrigou por muito tempo a CIRETRAN &#8211; (Unidade de Tr\u00e2nsito, atualmente localizada no Poupatempo) &#8211; , abrigando depois a DIG\/DISE e Plant\u00e3o.<br \/>\nCom a quase conclus\u00e3o do pr\u00e9dio principal, as unidades agrupadas e o Plant\u00e3o Policial Civil foram ali instaladas, dando in\u00edcio \u00e0s suas atividades de atendimento ao p\u00fablico e demais institui\u00e7\u00f5es, bem mesmo antes de sua inaugura\u00e7\u00e3o, cuja data, ainda, est\u00e1 em estudos, devido ao prazo de entrega da obra.<br \/>\nAssim, quem passa pelo local, divisa novos padr\u00f5es policiais e no pr\u00e9dio anexo &#8211; o da antiga Ciretran e plant\u00e3o \u2013 est\u00e1 instalada a DDM \u2013 Delegacia de Pol\u00edcia de Defesa da Mulher.<br \/>\nAs instala\u00e7\u00f5es da DDM que ficavam nas proximidades do AME foram totalmente desativadas, sendo transferidas para o local mencionado e j\u00e1 est\u00e3o em pleno atendimento.<br \/>\nEnt\u00e3o, fica assim:<br \/>\nNa CENTRAL DE POL\u00cdCIA JUDICI\u00c1RIA, na Rua Martin Afonso n\u00ba 1421, Proximidades da antiga Esta\u00e7\u00e3o Ferrovi\u00e1ria, funcionam:<br \/>\n01 \u2013 Unidades Agrupadas dos 1\u00ba\/2\u00ba D.Ps, DIG\/DISE e Plant\u00e3o Policial;<br \/>\n02 \u2013 Ao lado da CPJ, a DDM \u2013 Delegacia de Pol\u00edcia de Defesa da Mulher de Dracena (ilustrada com uma foto para melhor identifica\u00e7\u00e3o);<br \/>\n03 \u2013 Por ora, o NECRIM, N\u00facleo Especial Criminal, continua atendendo na sede da Delegacia Seccional de Pol\u00edcia de Dracena, com audi\u00eancias \u00e0s 3\u00aa e 5\u00aa feiras.<\/p>\n<p><img loading=\"lazy\" decoding=\"async\" class=\"alignnone size-full wp-image-81969\" src=\"https:\/\/jorgezanoni.com.br\/2019\/wp-content\/uploads\/2023\/11\/z-ddm1-Pequeno.jpg\" alt=\"\" width=\"480\" height=\"568\" srcset=\"https:\/\/jorgezanoni.com.br\/2019\/wp-content\/uploads\/2023\/11\/z-ddm1-Pequeno.jpg 480w, https:\/\/jorgezanoni.com.br\/2019\/wp-content\/uploads\/2023\/11\/z-ddm1-Pequeno-254x300.jpg 254w, https:\/\/jorgezanoni.com.br\/2019\/wp-content\/uploads\/2023\/11\/z-ddm1-Pequeno-355x420.jpg 355w\" sizes=\"auto, (max-width: 480px) 100vw, 480px\" \/><\/p>\n<p>Fonte: Dr. Feres Karan e Com. Social Pol\u00edcia Civil<\/p>\n","protected":false},"excerpt":{"rendered":"<p>A DDM \u2013 Delegacia de Pol\u00edcia de Defesa da Mulher de Dracena, est\u00e1 em novo endere\u00e7o, assim como as demais unidades da Pol\u00edcia Civil e o Plant\u00e3o Policial Civil. O dracenense e a popula\u00e7\u00e3o regional sabe que desde o ano anterior \u2013 2022 -, o pr\u00e9dio da antiga Delegacia de Pol\u00edcia do Munic\u00edpio, depois 1\u00ba [&hellip;]<\/p>\n","protected":false},"author":1,"featured_media":81970,"comment_status":"closed","ping_status":"open","sticky":false,"template":"","format":"standard","meta":{"footnotes":""},"categories":[110,2],"tags":[],"class_list":["post-81968","post","type-post","status-publish","format-standard","has-post-thumbnail","hentry","category-noticiasdestaque","category-policial"],"_links":{"self":[{"href":"https:\/\/jorgezanoni.com.br\/2019\/wp-json\/wp\/v2\/posts\/81968","targetHints":{"allow":["GET"]}}],"collection":[{"href":"https:\/\/jorgezanoni.com.br\/2019\/wp-json\/wp\/v2\/posts"}],"about":[{"href":"https:\/\/jorgezanoni.com.br\/2019\/wp-json\/wp\/v2\/types\/post"}],"author":[{"embeddable":true,"href":"https:\/\/jorgezanoni.com.br\/2019\/wp-json\/wp\/v2\/users\/1"}],"replies":[{"embeddable":true,"href":"https:\/\/jorgezanoni.com.br\/2019\/wp-json\/wp\/v2\/comments?post=81968"}],"version-history":[{"count":1,"href":"https:\/\/jorgezanoni.com.br\/2019\/wp-json\/wp\/v2\/posts\/81968\/revisions"}],"predecessor-version":[{"id":81971,"href":"https:\/\/jorgezanoni.com.br\/2019\/wp-json\/wp\/v2\/posts\/81968\/revisions\/81971"}],"wp:featuredmedia":[{"embeddable":true,"href":"https:\/\/jorgezanoni.com.br\/2019\/wp-json\/wp\/v2\/media\/81970"}],"wp:attachment":[{"href":"https:\/\/jorgezanoni.com.br\/2019\/wp-json\/wp\/v2\/media?parent=81968"}],"wp:term":[{"taxonomy":"category","embeddable":true,"href":"https:\/\/jorgezanoni.com.br\/2019\/wp-json\/wp\/v2\/categories?post=81968"},{"taxonomy":"post_tag","embeddable":true,"href":"https:\/\/jorgezanoni.com.br\/2019\/wp-json\/wp\/v2\/tags?post=81968"}],"curies":[{"name":"wp","href":"https:\/\/api.w.org\/{rel}","templated":true}]}}